{"id":11100,"date":"2024-12-02T23:42:25","date_gmt":"2024-12-02T23:42:25","guid":{"rendered":"https:\/\/canalbalneario.pt\/v2\/?p=11100"},"modified":"2024-12-02T23:45:17","modified_gmt":"2024-12-02T23:45:17","slug":"cajo-tiago-borges-e-ze-carlos-de-saida-valente-a-entrar","status":"publish","type":"post","link":"https:\/\/canalbalneario.pt\/v2\/2024\/12\/02\/cajo-tiago-borges-e-ze-carlos-de-saida-valente-a-entrar\/","title":{"rendered":"Caj\u00f3, Tiago Borges e Z\u00e9 Carlos de sa\u00edda, Valente a entrar!"},"content":{"rendered":"\n<p>E assim come\u00e7am as mexidas nos clubes na parte inferior da tabela classificativa do campeonato Sabseg da AF Aveiro.<\/p>\n\n\n\n<p>Come\u00e7amos pela lanterna vermelha, que est\u00e1 na posse dos Falc\u00f5es do Certima. A equipa de Oliveira do Bairro comunicou nas redes sociais a dispensa do treinador Tiago Borges. O A\u00e7oriano de 39 anos deixa o comando \u00e0 decima segunda jornada, naquela que foi a sua primeira experiencia no futebol s\u00e9nior. Uma vit\u00f3ria, cinco empates e seis derrotas foram os n\u00fameros amealhados e que deixa os Falc\u00f5es com um voo muito complicado de inverter.<\/p>\n\n\n\n<figure class=\"wp-block-image size-large\"><img decoding=\"async\" width=\"1024\" height=\"821\" data-src=\"https:\/\/canalbalneario.pt\/v2\/wp-content\/uploads\/2024\/12\/465562032_881074747524801_4739979597075515942_n-1024x821.jpg\" alt=\"\" class=\"wp-image-11101 lazyload\" data-srcset=\"https:\/\/canalbalneario.pt\/v2\/wp-content\/uploads\/2024\/12\/465562032_881074747524801_4739979597075515942_n-1024x821.jpg 1024w, https:\/\/canalbalneario.pt\/v2\/wp-content\/uploads\/2024\/12\/465562032_881074747524801_4739979597075515942_n-300x241.jpg 300w, https:\/\/canalbalneario.pt\/v2\/wp-content\/uploads\/2024\/12\/465562032_881074747524801_4739979597075515942_n-768x616.jpg 768w, https:\/\/canalbalneario.pt\/v2\/wp-content\/uploads\/2024\/12\/465562032_881074747524801_4739979597075515942_n-310x249.jpg 310w, https:\/\/canalbalneario.pt\/v2\/wp-content\/uploads\/2024\/12\/465562032_881074747524801_4739979597075515942_n.jpg 1080w\" data-sizes=\"(max-width: 1024px) 100vw, 1024px\" src=\"data:image\/svg+xml;base64,PHN2ZyB3aWR0aD0iMSIgaGVpZ2h0PSIxIiB4bWxucz0iaHR0cDovL3d3dy53My5vcmcvMjAwMC9zdmciPjwvc3ZnPg==\" style=\"--smush-placeholder-width: 1024px; --smush-placeholder-aspect-ratio: 1024\/821;\" \/><\/figure>\n\n\n\n<p>Outra equipa que tamb\u00e9m trocou o maestro, foram os Ferrovi\u00e1rios. Pampilhosa ocupa a d\u00e9cima s\u00e9tima posi\u00e7\u00e3o, com uma vit\u00f3ria, seis empates e cinco derrotas. N\u00fameros quer ditaram a queda de Caj\u00f3 e j\u00e1 a presenta\u00e7\u00e3o de Rui Valente (ambos j\u00e1 participaram nas tert\u00falias das fases finais do Sabseg, promovido pelo Canal Balne\u00e1rio). Valente de 47 anos teve passagens pela Avanca, Vista Alegre, Estarreja e Fermentelos.<\/p>\n\n\n\n<p>Finalmente e mais surpreendente, o anuncio da sa\u00edda de Z\u00e9 Carlos da equipa do Pa\u00e7os de Brand\u00e3o. Pa\u00e7os que ocupa a nona posi\u00e7\u00e3o e numa zona onde se sobe muitos lugares e desce com muita facilidade, devido \u00e0 proximidade pontual das equipas.<\/p>\n\n\n\n<p>Bem, por vezes faltam palavras para descrever estas trocas e baldrocas. O interesse do Clube \u00e9 sempre o mais importante, mas a precipita\u00e7\u00e3o nas tomadas das decis\u00f5es pode ser bem mais prejudicial do que parece.<\/p>\n\n\n\n<p>Desejamos a todos o maior sucesso e que voltemos a ver os Mister&#8217;s de volta aos relvados em breve.<\/p>\n\n\n\n<p><\/p>\n","protected":false},"excerpt":{"rendered":"<p>E assim come\u00e7am as mexidas nos clubes na parte inferior da tabela classificativa do campeonato&#8230;<\/p>\n","protected":false},"author":9,"featured_media":11103,"comment_status":"closed","ping_status":"open","sticky":false,"template":"","format":"standard","meta":{"footnotes":""},"categories":[15],"tags":[25],"class_list":["post-11100","post","type-post","status-publish","format-standard","has-post-thumbnail","hentry","category-noticias","tag-futebol"],"yoast_head":"<!-- This site is optimized with the Yoast SEO plugin v27.5 - https:\/\/yoast.com\/product\/yoast-seo-wordpress\/ -->\n<title>Caj\u00f3, Tiago Borges e Z\u00e9 Carlos de sa\u00edda, Valente a entrar! | Canal Balne\u00e1rio<\/title>\n<meta name=\"robots\" content=\"index, follow, max-snippet:-1, max-image-preview:large, max-video-preview:-1\" \/>\n<link rel=\"canonical\" href=\"https:\/\/canalbalneario.pt\/v2\/2024\/12\/02\/cajo-tiago-borges-e-ze-carlos-de-saida-valente-a-entrar\/\" \/>\n<meta property=\"og:locale\" content=\"pt_PT\" \/>\n<meta property=\"og:type\" content=\"article\" \/>\n<meta property=\"og:title\" content=\"Caj\u00f3, Tiago Borges e Z\u00e9 Carlos de sa\u00edda, Valente a entrar! | Canal Balne\u00e1rio\" \/>\n<meta property=\"og:description\" content=\"E assim come\u00e7am as mexidas nos clubes na parte inferior da tabela classificativa do campeonato...\" \/>\n<meta property=\"og:url\" content=\"https:\/\/canalbalneario.pt\/v2\/2024\/12\/02\/cajo-tiago-borges-e-ze-carlos-de-saida-valente-a-entrar\/\" \/>\n<meta property=\"og:site_name\" content=\"Canal Balne\u00e1rio\" \/>\n<meta property=\"article:publisher\" content=\"http:\/\/www.facebook.com\/canalbalneario\" \/>\n<meta property=\"article:published_time\" content=\"2024-12-02T23:42:25+00:00\" \/>\n<meta property=\"article:modified_time\" content=\"2024-12-02T23:45:17+00:00\" \/>\n<meta property=\"og:image\" content=\"https:\/\/canalbalneario.pt\/v2\/wp-content\/uploads\/2024\/12\/464675481_1084573419633043_7793922743185852230_n.jpg\" \/>\n\t<meta property=\"og:image:width\" content=\"960\" \/>\n\t<meta property=\"og:image:height\" content=\"1200\" \/>\n\t<meta property=\"og:image:type\" content=\"image\/jpeg\" \/>\n<meta name=\"author\" content=\"Pedro Correia\" \/>\n<meta name=\"twitter:card\" content=\"summary_large_image\" \/>\n<meta name=\"twitter:creator\" content=\"@canalbalneario\" \/>\n<meta name=\"twitter:site\" content=\"@canalbalneario\" \/>\n<meta name=\"twitter:label1\" content=\"Escrito por\" \/>\n\t<meta name=\"twitter:data1\" content=\"Pedro Correia\" \/>\n\t<meta name=\"twitter:label2\" content=\"Tempo estimado de leitura\" \/>\n\t<meta name=\"twitter:data2\" content=\"2 minutos\" \/>\n<script type=\"application\/ld+json\" class=\"yoast-schema-graph\">{\"@context\":\"https:\\\/\\\/schema.org\",\"@graph\":[{\"@type\":\"Article\",\"@id\":\"https:\\\/\\\/canalbalneario.pt\\\/v2\\\/2024\\\/12\\\/02\\\/cajo-tiago-borges-e-ze-carlos-de-saida-valente-a-entrar\\\/#article\",\"isPartOf\":{\"@id\":\"https:\\\/\\\/canalbalneario.pt\\\/v2\\\/2024\\\/12\\\/02\\\/cajo-tiago-borges-e-ze-carlos-de-saida-valente-a-entrar\\\/\"},\"author\":{\"name\":\"Pedro Correia\",\"@id\":\"https:\\\/\\\/canalbalneario.pt\\\/v2\\\/#\\\/schema\\\/person\\\/514f01b0bbb8d400d2b9561d123e40f5\"},\"headline\":\"Caj\u00f3, Tiago Borges e Z\u00e9 Carlos de sa\u00edda, Valente a entrar!\",\"datePublished\":\"2024-12-02T23:42:25+00:00\",\"dateModified\":\"2024-12-02T23:45:17+00:00\",\"mainEntityOfPage\":{\"@id\":\"https:\\\/\\\/canalbalneario.pt\\\/v2\\\/2024\\\/12\\\/02\\\/cajo-tiago-borges-e-ze-carlos-de-saida-valente-a-entrar\\\/\"},\"wordCount\":285,\"publisher\":{\"@id\":\"https:\\\/\\\/canalbalneario.pt\\\/v2\\\/#organization\"},\"image\":{\"@id\":\"https:\\\/\\\/canalbalneario.pt\\\/v2\\\/2024\\\/12\\\/02\\\/cajo-tiago-borges-e-ze-carlos-de-saida-valente-a-entrar\\\/#primaryimage\"},\"thumbnailUrl\":\"https:\\\/\\\/canalbalneario.pt\\\/v2\\\/wp-content\\\/uploads\\\/2024\\\/12\\\/464675481_1084573419633043_7793922743185852230_n.jpg\",\"keywords\":[\"Futebol\"],\"articleSection\":[\"Not\u00edcias\"],\"inLanguage\":\"pt-PT\"},{\"@type\":\"WebPage\",\"@id\":\"https:\\\/\\\/canalbalneario.pt\\\/v2\\\/2024\\\/12\\\/02\\\/cajo-tiago-borges-e-ze-carlos-de-saida-valente-a-entrar\\\/\",\"url\":\"https:\\\/\\\/canalbalneario.pt\\\/v2\\\/2024\\\/12\\\/02\\\/cajo-tiago-borges-e-ze-carlos-de-saida-valente-a-entrar\\\/\",\"name\":\"Caj\u00f3, Tiago Borges e Z\u00e9 Carlos de sa\u00edda, Valente a entrar! | Canal Balne\u00e1rio\",\"isPartOf\":{\"@id\":\"https:\\\/\\\/canalbalneario.pt\\\/v2\\\/#website\"},\"primaryImageOfPage\":{\"@id\":\"https:\\\/\\\/canalbalneario.pt\\\/v2\\\/2024\\\/12\\\/02\\\/cajo-tiago-borges-e-ze-carlos-de-saida-valente-a-entrar\\\/#primaryimage\"},\"image\":{\"@id\":\"https:\\\/\\\/canalbalneario.pt\\\/v2\\\/2024\\\/12\\\/02\\\/cajo-tiago-borges-e-ze-carlos-de-saida-valente-a-entrar\\\/#primaryimage\"},\"thumbnailUrl\":\"https:\\\/\\\/canalbalneario.pt\\\/v2\\\/wp-content\\\/uploads\\\/2024\\\/12\\\/464675481_1084573419633043_7793922743185852230_n.jpg\",\"datePublished\":\"2024-12-02T23:42:25+00:00\",\"dateModified\":\"2024-12-02T23:45:17+00:00\",\"breadcrumb\":{\"@id\":\"https:\\\/\\\/canalbalneario.pt\\\/v2\\\/2024\\\/12\\\/02\\\/cajo-tiago-borges-e-ze-carlos-de-saida-valente-a-entrar\\\/#breadcrumb\"},\"inLanguage\":\"pt-PT\",\"potentialAction\":[{\"@type\":\"ReadAction\",\"target\":[\"https:\\\/\\\/canalbalneario.pt\\\/v2\\\/2024\\\/12\\\/02\\\/cajo-tiago-borges-e-ze-carlos-de-saida-valente-a-entrar\\\/\"]}]},{\"@type\":\"ImageObject\",\"inLanguage\":\"pt-PT\",\"@id\":\"https:\\\/\\\/canalbalneario.pt\\\/v2\\\/2024\\\/12\\\/02\\\/cajo-tiago-borges-e-ze-carlos-de-saida-valente-a-entrar\\\/#primaryimage\",\"url\":\"https:\\\/\\\/canalbalneario.pt\\\/v2\\\/wp-content\\\/uploads\\\/2024\\\/12\\\/464675481_1084573419633043_7793922743185852230_n.jpg\",\"contentUrl\":\"https:\\\/\\\/canalbalneario.pt\\\/v2\\\/wp-content\\\/uploads\\\/2024\\\/12\\\/464675481_1084573419633043_7793922743185852230_n.jpg\",\"width\":960,\"height\":1200},{\"@type\":\"BreadcrumbList\",\"@id\":\"https:\\\/\\\/canalbalneario.pt\\\/v2\\\/2024\\\/12\\\/02\\\/cajo-tiago-borges-e-ze-carlos-de-saida-valente-a-entrar\\\/#breadcrumb\",\"itemListElement\":[{\"@type\":\"ListItem\",\"position\":1,\"name\":\"In\u00edcio\",\"item\":\"https:\\\/\\\/canalbalneario.pt\\\/v2\\\/\"},{\"@type\":\"ListItem\",\"position\":2,\"name\":\"Caj\u00f3, Tiago Borges e Z\u00e9 Carlos de sa\u00edda, Valente a entrar!\"}]},{\"@type\":\"WebSite\",\"@id\":\"https:\\\/\\\/canalbalneario.pt\\\/v2\\\/#website\",\"url\":\"https:\\\/\\\/canalbalneario.pt\\\/v2\\\/\",\"name\":\"Canal Balne\u00e1rio\",\"description\":\"Hist\u00f3rias do desporto na primeira pessoa, do futebol ao berlinde, do nacional ao distrital\",\"publisher\":{\"@id\":\"https:\\\/\\\/canalbalneario.pt\\\/v2\\\/#organization\"},\"potentialAction\":[{\"@type\":\"SearchAction\",\"target\":{\"@type\":\"EntryPoint\",\"urlTemplate\":\"https:\\\/\\\/canalbalneario.pt\\\/v2\\\/?s={search_term_string}\"},\"query-input\":{\"@type\":\"PropertyValueSpecification\",\"valueRequired\":true,\"valueName\":\"search_term_string\"}}],\"inLanguage\":\"pt-PT\"},{\"@type\":\"Organization\",\"@id\":\"https:\\\/\\\/canalbalneario.pt\\\/v2\\\/#organization\",\"name\":\"Balne\u00e1rio\",\"url\":\"https:\\\/\\\/canalbalneario.pt\\\/v2\\\/\",\"logo\":{\"@type\":\"ImageObject\",\"inLanguage\":\"pt-PT\",\"@id\":\"https:\\\/\\\/canalbalneario.pt\\\/v2\\\/#\\\/schema\\\/logo\\\/image\\\/\",\"url\":\"https:\\\/\\\/canalbalneario.pt\\\/v2\\\/wp-content\\\/uploads\\\/2024\\\/01\\\/cropped-perfil-2.png\",\"contentUrl\":\"https:\\\/\\\/canalbalneario.pt\\\/v2\\\/wp-content\\\/uploads\\\/2024\\\/01\\\/cropped-perfil-2.png\",\"width\":512,\"height\":512,\"caption\":\"Balne\u00e1rio\"},\"image\":{\"@id\":\"https:\\\/\\\/canalbalneario.pt\\\/v2\\\/#\\\/schema\\\/logo\\\/image\\\/\"},\"sameAs\":[\"http:\\\/\\\/www.facebook.com\\\/canalbalneario\",\"https:\\\/\\\/x.com\\\/canalbalneario\",\"http:\\\/\\\/www.instagram.com\\\/canalbalneario\",\"http:\\\/\\\/www.youtube.com\\\/balneariocanal\"]},{\"@type\":\"Person\",\"@id\":\"https:\\\/\\\/canalbalneario.pt\\\/v2\\\/#\\\/schema\\\/person\\\/514f01b0bbb8d400d2b9561d123e40f5\",\"name\":\"Pedro Correia\",\"image\":{\"@type\":\"ImageObject\",\"inLanguage\":\"pt-PT\",\"@id\":\"https:\\\/\\\/canalbalneario.pt\\\/v2\\\/wp-content\\\/uploads\\\/2024\\\/01\\\/headshot-perfil-pedro-2024-96x96.png\",\"url\":\"https:\\\/\\\/canalbalneario.pt\\\/v2\\\/wp-content\\\/uploads\\\/2024\\\/01\\\/headshot-perfil-pedro-2024-96x96.png\",\"contentUrl\":\"https:\\\/\\\/canalbalneario.pt\\\/v2\\\/wp-content\\\/uploads\\\/2024\\\/01\\\/headshot-perfil-pedro-2024-96x96.png\",\"caption\":\"Pedro Correia\"},\"url\":\"https:\\\/\\\/canalbalneario.pt\\\/v2\\\/author\\\/pcorreia\\\/\"}]}<\/script>\n<!-- \/ Yoast SEO plugin. -->","yoast_head_json":{"title":"Caj\u00f3, Tiago Borges e Z\u00e9 Carlos de sa\u00edda, Valente a entrar! | Canal Balne\u00e1rio","robots":{"index":"index","follow":"follow","max-snippet":"max-snippet:-1","max-image-preview":"max-image-preview:large","max-video-preview":"max-video-preview:-1"},"canonical":"https:\/\/canalbalneario.pt\/v2\/2024\/12\/02\/cajo-tiago-borges-e-ze-carlos-de-saida-valente-a-entrar\/","og_locale":"pt_PT","og_type":"article","og_title":"Caj\u00f3, Tiago Borges e Z\u00e9 Carlos de sa\u00edda, Valente a entrar! | Canal Balne\u00e1rio","og_description":"E assim come\u00e7am as mexidas nos clubes na parte inferior da tabela classificativa do campeonato...","og_url":"https:\/\/canalbalneario.pt\/v2\/2024\/12\/02\/cajo-tiago-borges-e-ze-carlos-de-saida-valente-a-entrar\/","og_site_name":"Canal Balne\u00e1rio","article_publisher":"http:\/\/www.facebook.com\/canalbalneario","article_published_time":"2024-12-02T23:42:25+00:00","article_modified_time":"2024-12-02T23:45:17+00:00","og_image":[{"width":960,"height":1200,"url":"https:\/\/canalbalneario.pt\/v2\/wp-content\/uploads\/2024\/12\/464675481_1084573419633043_7793922743185852230_n.jpg","type":"image\/jpeg"}],"author":"Pedro Correia","twitter_card":"summary_large_image","twitter_creator":"@canalbalneario","twitter_site":"@canalbalneario","twitter_misc":{"Escrito por":"Pedro Correia","Tempo estimado de leitura":"2 minutos"},"schema":{"@context":"https:\/\/schema.org","@graph":[{"@type":"Article","@id":"https:\/\/canalbalneario.pt\/v2\/2024\/12\/02\/cajo-tiago-borges-e-ze-carlos-de-saida-valente-a-entrar\/#article","isPartOf":{"@id":"https:\/\/canalbalneario.pt\/v2\/2024\/12\/02\/cajo-tiago-borges-e-ze-carlos-de-saida-valente-a-entrar\/"},"author":{"name":"Pedro Correia","@id":"https:\/\/canalbalneario.pt\/v2\/#\/schema\/person\/514f01b0bbb8d400d2b9561d123e40f5"},"headline":"Caj\u00f3, Tiago Borges e Z\u00e9 Carlos de sa\u00edda, Valente a entrar!","datePublished":"2024-12-02T23:42:25+00:00","dateModified":"2024-12-02T23:45:17+00:00","mainEntityOfPage":{"@id":"https:\/\/canalbalneario.pt\/v2\/2024\/12\/02\/cajo-tiago-borges-e-ze-carlos-de-saida-valente-a-entrar\/"},"wordCount":285,"publisher":{"@id":"https:\/\/canalbalneario.pt\/v2\/#organization"},"image":{"@id":"https:\/\/canalbalneario.pt\/v2\/2024\/12\/02\/cajo-tiago-borges-e-ze-carlos-de-saida-valente-a-entrar\/#primaryimage"},"thumbnailUrl":"https:\/\/canalbalneario.pt\/v2\/wp-content\/uploads\/2024\/12\/464675481_1084573419633043_7793922743185852230_n.jpg","keywords":["Futebol"],"articleSection":["Not\u00edcias"],"inLanguage":"pt-PT"},{"@type":"WebPage","@id":"https:\/\/canalbalneario.pt\/v2\/2024\/12\/02\/cajo-tiago-borges-e-ze-carlos-de-saida-valente-a-entrar\/","url":"https:\/\/canalbalneario.pt\/v2\/2024\/12\/02\/cajo-tiago-borges-e-ze-carlos-de-saida-valente-a-entrar\/","name":"Caj\u00f3, Tiago Borges e Z\u00e9 Carlos de sa\u00edda, Valente a entrar! | Canal Balne\u00e1rio","isPartOf":{"@id":"https:\/\/canalbalneario.pt\/v2\/#website"},"primaryImageOfPage":{"@id":"https:\/\/canalbalneario.pt\/v2\/2024\/12\/02\/cajo-tiago-borges-e-ze-carlos-de-saida-valente-a-entrar\/#primaryimage"},"image":{"@id":"https:\/\/canalbalneario.pt\/v2\/2024\/12\/02\/cajo-tiago-borges-e-ze-carlos-de-saida-valente-a-entrar\/#primaryimage"},"thumbnailUrl":"https:\/\/canalbalneario.pt\/v2\/wp-content\/uploads\/2024\/12\/464675481_1084573419633043_7793922743185852230_n.jpg","datePublished":"2024-12-02T23:42:25+00:00","dateModified":"2024-12-02T23:45:17+00:00","breadcrumb":{"@id":"https:\/\/canalbalneario.pt\/v2\/2024\/12\/02\/cajo-tiago-borges-e-ze-carlos-de-saida-valente-a-entrar\/#breadcrumb"},"inLanguage":"pt-PT","potentialAction":[{"@type":"ReadAction","target":["https:\/\/canalbalneario.pt\/v2\/2024\/12\/02\/cajo-tiago-borges-e-ze-carlos-de-saida-valente-a-entrar\/"]}]},{"@type":"ImageObject","inLanguage":"pt-PT","@id":"https:\/\/canalbalneario.pt\/v2\/2024\/12\/02\/cajo-tiago-borges-e-ze-carlos-de-saida-valente-a-entrar\/#primaryimage","url":"https:\/\/canalbalneario.pt\/v2\/wp-content\/uploads\/2024\/12\/464675481_1084573419633043_7793922743185852230_n.jpg","contentUrl":"https:\/\/canalbalneario.pt\/v2\/wp-content\/uploads\/2024\/12\/464675481_1084573419633043_7793922743185852230_n.jpg","width":960,"height":1200},{"@type":"BreadcrumbList","@id":"https:\/\/canalbalneario.pt\/v2\/2024\/12\/02\/cajo-tiago-borges-e-ze-carlos-de-saida-valente-a-entrar\/#breadcrumb","itemListElement":[{"@type":"ListItem","position":1,"name":"In\u00edcio","item":"https:\/\/canalbalneario.pt\/v2\/"},{"@type":"ListItem","position":2,"name":"Caj\u00f3, Tiago Borges e Z\u00e9 Carlos de sa\u00edda, Valente a entrar!"}]},{"@type":"WebSite","@id":"https:\/\/canalbalneario.pt\/v2\/#website","url":"https:\/\/canalbalneario.pt\/v2\/","name":"Canal Balne\u00e1rio","description":"Hist\u00f3rias do desporto na primeira pessoa, do futebol ao berlinde, do nacional ao distrital","publisher":{"@id":"https:\/\/canalbalneario.pt\/v2\/#organization"},"potentialAction":[{"@type":"SearchAction","target":{"@type":"EntryPoint","urlTemplate":"https:\/\/canalbalneario.pt\/v2\/?s={search_term_string}"},"query-input":{"@type":"PropertyValueSpecification","valueRequired":true,"valueName":"search_term_string"}}],"inLanguage":"pt-PT"},{"@type":"Organization","@id":"https:\/\/canalbalneario.pt\/v2\/#organization","name":"Balne\u00e1rio","url":"https:\/\/canalbalneario.pt\/v2\/","logo":{"@type":"ImageObject","inLanguage":"pt-PT","@id":"https:\/\/canalbalneario.pt\/v2\/#\/schema\/logo\/image\/","url":"https:\/\/canalbalneario.pt\/v2\/wp-content\/uploads\/2024\/01\/cropped-perfil-2.png","contentUrl":"https:\/\/canalbalneario.pt\/v2\/wp-content\/uploads\/2024\/01\/cropped-perfil-2.png","width":512,"height":512,"caption":"Balne\u00e1rio"},"image":{"@id":"https:\/\/canalbalneario.pt\/v2\/#\/schema\/logo\/image\/"},"sameAs":["http:\/\/www.facebook.com\/canalbalneario","https:\/\/x.com\/canalbalneario","http:\/\/www.instagram.com\/canalbalneario","http:\/\/www.youtube.com\/balneariocanal"]},{"@type":"Person","@id":"https:\/\/canalbalneario.pt\/v2\/#\/schema\/person\/514f01b0bbb8d400d2b9561d123e40f5","name":"Pedro Correia","image":{"@type":"ImageObject","inLanguage":"pt-PT","@id":"https:\/\/canalbalneario.pt\/v2\/wp-content\/uploads\/2024\/01\/headshot-perfil-pedro-2024-96x96.png","url":"https:\/\/canalbalneario.pt\/v2\/wp-content\/uploads\/2024\/01\/headshot-perfil-pedro-2024-96x96.png","contentUrl":"https:\/\/canalbalneario.pt\/v2\/wp-content\/uploads\/2024\/01\/headshot-perfil-pedro-2024-96x96.png","caption":"Pedro Correia"},"url":"https:\/\/canalbalneario.pt\/v2\/author\/pcorreia\/"}]}},"featured_image_urls":{"full":["https:\/\/canalbalneario.pt\/v2\/wp-content\/uploads\/2024\/12\/464675481_1084573419633043_7793922743185852230_n.jpg",960,1200,false],"thumbnail":["https:\/\/canalbalneario.pt\/v2\/wp-content\/uploads\/2024\/12\/464675481_1084573419633043_7793922743185852230_n-150x150.jpg",150,150,true],"medium":["https:\/\/canalbalneario.pt\/v2\/wp-content\/uploads\/2024\/12\/464675481_1084573419633043_7793922743185852230_n-240x300.jpg",240,300,true],"medium_large":["https:\/\/canalbalneario.pt\/v2\/wp-content\/uploads\/2024\/12\/464675481_1084573419633043_7793922743185852230_n-768x960.jpg",640,800,true],"large":["https:\/\/canalbalneario.pt\/v2\/wp-content\/uploads\/2024\/12\/464675481_1084573419633043_7793922743185852230_n-819x1024.jpg",640,800,true],"1536x1536":["https:\/\/canalbalneario.pt\/v2\/wp-content\/uploads\/2024\/12\/464675481_1084573419633043_7793922743185852230_n.jpg",960,1200,false],"2048x2048":["https:\/\/canalbalneario.pt\/v2\/wp-content\/uploads\/2024\/12\/464675481_1084573419633043_7793922743185852230_n.jpg",960,1200,false],"joomsport-thmb-medium":["https:\/\/canalbalneario.pt\/v2\/wp-content\/uploads\/2024\/12\/464675481_1084573419633043_7793922743185852230_n-310x388.jpg",310,388,true],"newsphere-slider-full":["https:\/\/canalbalneario.pt\/v2\/wp-content\/uploads\/2024\/12\/464675481_1084573419633043_7793922743185852230_n-960x720.jpg",960,720,true],"newsphere-featured":["https:\/\/canalbalneario.pt\/v2\/wp-content\/uploads\/2024\/12\/464675481_1084573419633043_7793922743185852230_n.jpg",960,1200,false],"newsphere-medium":["https:\/\/canalbalneario.pt\/v2\/wp-content\/uploads\/2024\/12\/464675481_1084573419633043_7793922743185852230_n-720x380.jpg",720,380,true],"profile_24":["https:\/\/canalbalneario.pt\/v2\/wp-content\/uploads\/2024\/12\/464675481_1084573419633043_7793922743185852230_n-24x24.jpg",24,24,true],"profile_48":["https:\/\/canalbalneario.pt\/v2\/wp-content\/uploads\/2024\/12\/464675481_1084573419633043_7793922743185852230_n-48x48.jpg",48,48,true],"profile_96":["https:\/\/canalbalneario.pt\/v2\/wp-content\/uploads\/2024\/12\/464675481_1084573419633043_7793922743185852230_n-96x96.jpg",96,96,true],"profile_150":["https:\/\/canalbalneario.pt\/v2\/wp-content\/uploads\/2024\/12\/464675481_1084573419633043_7793922743185852230_n-150x150.jpg",150,150,true],"profile_300":["https:\/\/canalbalneario.pt\/v2\/wp-content\/uploads\/2024\/12\/464675481_1084573419633043_7793922743185852230_n-300x300.jpg",300,300,true],"tptn_thumbnail":["https:\/\/canalbalneario.pt\/v2\/wp-content\/uploads\/2024\/12\/464675481_1084573419633043_7793922743185852230_n-250x250.jpg",250,250,true]},"author_info":{"display_name":"Pedro Correia","author_link":"https:\/\/canalbalneario.pt\/v2\/author\/pcorreia\/"},"category_info":"<a href=\"https:\/\/canalbalneario.pt\/v2\/category\/noticias\/\" rel=\"category tag\">Not\u00edcias<\/a>","tag_info":"Not\u00edcias","comment_count":"0","_links":{"self":[{"href":"https:\/\/canalbalneario.pt\/v2\/wp-json\/wp\/v2\/posts\/11100","targetHints":{"allow":["GET"]}}],"collection":[{"href":"https:\/\/canalbalneario.pt\/v2\/wp-json\/wp\/v2\/posts"}],"about":[{"href":"https:\/\/canalbalneario.pt\/v2\/wp-json\/wp\/v2\/types\/post"}],"author":[{"embeddable":true,"href":"https:\/\/canalbalneario.pt\/v2\/wp-json\/wp\/v2\/users\/9"}],"replies":[{"embeddable":true,"href":"https:\/\/canalbalneario.pt\/v2\/wp-json\/wp\/v2\/comments?post=11100"}],"version-history":[{"count":0,"href":"https:\/\/canalbalneario.pt\/v2\/wp-json\/wp\/v2\/posts\/11100\/revisions"}],"wp:featuredmedia":[{"embeddable":true,"href":"https:\/\/canalbalneario.pt\/v2\/wp-json\/wp\/v2\/media\/11103"}],"wp:attachment":[{"href":"https:\/\/canalbalneario.pt\/v2\/wp-json\/wp\/v2\/media?parent=11100"}],"wp:term":[{"taxonomy":"category","embeddable":true,"href":"https:\/\/canalbalneario.pt\/v2\/wp-json\/wp\/v2\/categories?post=11100"},{"taxonomy":"post_tag","embeddable":true,"href":"https:\/\/canalbalneario.pt\/v2\/wp-json\/wp\/v2\/tags?post=11100"}],"curies":[{"name":"wp","href":"https:\/\/api.w.org\/{rel}","templated":true}]}}