{"id":4865,"date":"2022-06-01T14:04:32","date_gmt":"2022-06-01T13:04:32","guid":{"rendered":"https:\/\/canalbalneario.pt\/v2\/?p=4865"},"modified":"2022-06-01T14:09:18","modified_gmt":"2022-06-01T13:09:18","slug":"vilar-de-perdizes-2","status":"publish","type":"post","link":"https:\/\/canalbalneario.pt\/v2\/2022\/06\/01\/vilar-de-perdizes-2\/","title":{"rendered":"Vilar de Perdizes: A Aldeia M\u00edstica est\u00e1 nos Nacionais"},"content":{"rendered":"\n<p>Seguimos em viagem e o destino em concreto \u00e9 a Aldeia Mais M\u00edstica de Portugal: Vilar de Perdizes. Terra do Padre Fontes, de uma excelente festa de Dia das Bruxas e do Grupo Desportivo de Vilar de Perdizes.<\/p>\n\n\n\n<p>\u00c9 l\u00e1 que moram os novos Campe\u00f5es da <a href=\"https:\/\/afvr.fpf.pt\/\" target=\"_blank\" rel=\"noreferrer noopener\">Associa\u00e7\u00e3o de Futebol de Vila Real<\/a> e v\u00e3o representar esta aldeia do interior com menos de 500 habitantes no Campeonato de Portugal. Fomos conhecer o projeto liderado por M\u00e1rcio Rodrigues e V\u00edtor Gamito e trouxemos mais uma <a href=\"https:\/\/canalbalneario.pt\/v2\/category\/historias-de-balneario\/\" target=\"_blank\" rel=\"noreferrer noopener\">Hist\u00f3ria de Balne\u00e1rio<\/a> para voc\u00eas.<\/p>\n\n\n\n<figure class=\"wp-block-embed is-type-video is-provider-youtube wp-block-embed-youtube wp-embed-aspect-16-9 wp-has-aspect-ratio\"><div class=\"wp-block-embed__wrapper\">\n<div class=\"epyt-video-wrapper\"><iframe  id=\"_ytid_73024\"  width=\"640\" height=\"360\"  data-origwidth=\"640\" data-origheight=\"360\" src=\"https:\/\/www.youtube.com\/embed\/PzSE21Jf_LY?enablejsapi=1&#038;autoplay=0&#038;cc_load_policy=0&#038;cc_lang_pref=&#038;iv_load_policy=1&#038;loop=0&#038;rel=0&#038;fs=1&#038;playsinline=0&#038;autohide=2&#038;theme=dark&#038;color=red&#038;controls=1&#038;disablekb=0&#038;\" class=\"__youtube_prefs__  epyt-is-override  no-lazyload\" title=\"YouTube player\"  allow=\"fullscreen; accelerometer; autoplay; clipboard-write; encrypted-media; gyroscope; picture-in-picture; web-share\" referrerpolicy=\"strict-origin-when-cross-origin\" allowfullscreen data-no-lazy=\"1\" data-skipgform_ajax_framebjll=\"\"><\/iframe><\/div>\n<\/div><\/figure>\n\n\n\n<p>Da nossa parte j\u00e1 havia a ideia de ir at\u00e9 Vilar de Perdizes para documentar o fen\u00f3meno de uma equipa sediada numa pequena aldeia transmontana com um respeit\u00e1vel contingente estrangeiro. Mas fomos adiando a viagem porque com o desenrolar da \u00e9poca tornou-se claro que o Grupo Desportivo de Vilar de Perdizes era um s\u00e9rio candidato ao t\u00edtulo e isso apimentava mais a hist\u00f3ria.<\/p>\n\n\n\n<p>Acabou por acontecer, e os Guerreiros da Raia terminam a luta pelo t\u00edtulo no topo da tabela com <a href=\"https:\/\/www.zerozero.pt\/edition.php?id_edicao=158005\" target=\"_blank\" rel=\"noreferrer noopener\">n\u00fameros bastante interessantes<\/a>, sobretudo no cap\u00edtulo ofensivo.<\/p>\n\n\n\n<p>Assim, foi s\u00f3 esperar pela confirma\u00e7\u00e3o matem\u00e1tica do t\u00edtulo e marcar viagem.<\/p>\n\n\n\n<figure class=\"wp-block-gallery has-nested-images columns-3 is-cropped wp-block-gallery-1 is-layout-flex wp-block-gallery-is-layout-flex\">\n<figure class=\"wp-block-image size-large\"><a href=\"https:\/\/canalbalneario.pt\/v2\/wp-content\/uploads\/2022\/06\/VILAR-2-de-8.jpg\"><img decoding=\"async\" width=\"1024\" height=\"576\" data-id=\"4867\" data-src=\"https:\/\/canalbalneario.pt\/v2\/wp-content\/uploads\/2022\/06\/VILAR-2-de-8-1024x576.jpg\" alt=\"\" class=\"wp-image-4867 lazyload\" data-srcset=\"https:\/\/canalbalneario.pt\/v2\/wp-content\/uploads\/2022\/06\/VILAR-2-de-8-1024x576.jpg 1024w, https:\/\/canalbalneario.pt\/v2\/wp-content\/uploads\/2022\/06\/VILAR-2-de-8-300x169.jpg 300w, https:\/\/canalbalneario.pt\/v2\/wp-content\/uploads\/2022\/06\/VILAR-2-de-8-768x432.jpg 768w, https:\/\/canalbalneario.pt\/v2\/wp-content\/uploads\/2022\/06\/VILAR-2-de-8-310x174.jpg 310w, https:\/\/canalbalneario.pt\/v2\/wp-content\/uploads\/2022\/06\/VILAR-2-de-8-60x34.jpg 60w, https:\/\/canalbalneario.pt\/v2\/wp-content\/uploads\/2022\/06\/VILAR-2-de-8-600x338.jpg 600w, https:\/\/canalbalneario.pt\/v2\/wp-content\/uploads\/2022\/06\/VILAR-2-de-8-107x60.jpg 107w, https:\/\/canalbalneario.pt\/v2\/wp-content\/uploads\/2022\/06\/VILAR-2-de-8-160x90.jpg 160w, https:\/\/canalbalneario.pt\/v2\/wp-content\/uploads\/2022\/06\/VILAR-2-de-8.jpg 1200w\" data-sizes=\"(max-width: 1024px) 100vw, 1024px\" src=\"data:image\/svg+xml;base64,PHN2ZyB3aWR0aD0iMSIgaGVpZ2h0PSIxIiB4bWxucz0iaHR0cDovL3d3dy53My5vcmcvMjAwMC9zdmciPjwvc3ZnPg==\" style=\"--smush-placeholder-width: 1024px; --smush-placeholder-aspect-ratio: 1024\/576;\" \/><\/a><figcaption>Viagem entre amigos<\/figcaption><\/figure>\n\n\n\n<figure class=\"wp-block-image size-large\"><a href=\"https:\/\/canalbalneario.pt\/v2\/wp-content\/uploads\/2022\/06\/VILAR-4-de-8.jpg\"><img decoding=\"async\" width=\"1200\" height=\"675\" data-id=\"4869\" data-src=\"https:\/\/canalbalneario.pt\/v2\/wp-content\/uploads\/2022\/06\/VILAR-4-de-8.jpg\" alt=\"\" class=\"wp-image-4869 lazyload\" data-srcset=\"https:\/\/canalbalneario.pt\/v2\/wp-content\/uploads\/2022\/06\/VILAR-4-de-8.jpg 1200w, https:\/\/canalbalneario.pt\/v2\/wp-content\/uploads\/2022\/06\/VILAR-4-de-8-300x169.jpg 300w, https:\/\/canalbalneario.pt\/v2\/wp-content\/uploads\/2022\/06\/VILAR-4-de-8-1024x576.jpg 1024w, https:\/\/canalbalneario.pt\/v2\/wp-content\/uploads\/2022\/06\/VILAR-4-de-8-768x432.jpg 768w, https:\/\/canalbalneario.pt\/v2\/wp-content\/uploads\/2022\/06\/VILAR-4-de-8-310x174.jpg 310w, https:\/\/canalbalneario.pt\/v2\/wp-content\/uploads\/2022\/06\/VILAR-4-de-8-60x34.jpg 60w, https:\/\/canalbalneario.pt\/v2\/wp-content\/uploads\/2022\/06\/VILAR-4-de-8-600x338.jpg 600w, https:\/\/canalbalneario.pt\/v2\/wp-content\/uploads\/2022\/06\/VILAR-4-de-8-107x60.jpg 107w, https:\/\/canalbalneario.pt\/v2\/wp-content\/uploads\/2022\/06\/VILAR-4-de-8-160x90.jpg 160w\" data-sizes=\"(max-width: 1200px) 100vw, 1200px\" src=\"data:image\/svg+xml;base64,PHN2ZyB3aWR0aD0iMSIgaGVpZ2h0PSIxIiB4bWxucz0iaHR0cDovL3d3dy53My5vcmcvMjAwMC9zdmciPjwvc3ZnPg==\" style=\"--smush-placeholder-width: 1200px; --smush-placeholder-aspect-ratio: 1200\/675;\" \/><\/a><figcaption>Viagem entre amigos<\/figcaption><\/figure>\n\n\n\n<figure class=\"wp-block-image size-large\"><a href=\"https:\/\/canalbalneario.pt\/v2\/wp-content\/uploads\/2022\/06\/VILAR-3-de-8.jpg\"><img decoding=\"async\" width=\"1024\" height=\"576\" data-id=\"4866\" data-src=\"https:\/\/canalbalneario.pt\/v2\/wp-content\/uploads\/2022\/06\/VILAR-3-de-8-1024x576.jpg\" alt=\"\" class=\"wp-image-4866 lazyload\" data-srcset=\"https:\/\/canalbalneario.pt\/v2\/wp-content\/uploads\/2022\/06\/VILAR-3-de-8-1024x576.jpg 1024w, https:\/\/canalbalneario.pt\/v2\/wp-content\/uploads\/2022\/06\/VILAR-3-de-8-300x169.jpg 300w, https:\/\/canalbalneario.pt\/v2\/wp-content\/uploads\/2022\/06\/VILAR-3-de-8-768x432.jpg 768w, https:\/\/canalbalneario.pt\/v2\/wp-content\/uploads\/2022\/06\/VILAR-3-de-8-310x174.jpg 310w, https:\/\/canalbalneario.pt\/v2\/wp-content\/uploads\/2022\/06\/VILAR-3-de-8-60x34.jpg 60w, https:\/\/canalbalneario.pt\/v2\/wp-content\/uploads\/2022\/06\/VILAR-3-de-8-600x338.jpg 600w, https:\/\/canalbalneario.pt\/v2\/wp-content\/uploads\/2022\/06\/VILAR-3-de-8-107x60.jpg 107w, https:\/\/canalbalneario.pt\/v2\/wp-content\/uploads\/2022\/06\/VILAR-3-de-8-160x90.jpg 160w, https:\/\/canalbalneario.pt\/v2\/wp-content\/uploads\/2022\/06\/VILAR-3-de-8.jpg 1200w\" data-sizes=\"(max-width: 1024px) 100vw, 1024px\" src=\"data:image\/svg+xml;base64,PHN2ZyB3aWR0aD0iMSIgaGVpZ2h0PSIxIiB4bWxucz0iaHR0cDovL3d3dy53My5vcmcvMjAwMC9zdmciPjwvc3ZnPg==\" style=\"--smush-placeholder-width: 1024px; --smush-placeholder-aspect-ratio: 1024\/576;\" \/><\/a><figcaption>Paisagem transmontana<\/figcaption><\/figure>\n\n\n\n<figure class=\"wp-block-image size-large\"><a href=\"https:\/\/canalbalneario.pt\/v2\/wp-content\/uploads\/2022\/06\/VILAR-6-de-8.jpg\"><img decoding=\"async\" width=\"1024\" height=\"576\" data-id=\"4870\" data-src=\"https:\/\/canalbalneario.pt\/v2\/wp-content\/uploads\/2022\/06\/VILAR-6-de-8-1024x576.jpg\" alt=\"\" class=\"wp-image-4870 lazyload\" data-srcset=\"https:\/\/canalbalneario.pt\/v2\/wp-content\/uploads\/2022\/06\/VILAR-6-de-8-1024x576.jpg 1024w, https:\/\/canalbalneario.pt\/v2\/wp-content\/uploads\/2022\/06\/VILAR-6-de-8-300x169.jpg 300w, https:\/\/canalbalneario.pt\/v2\/wp-content\/uploads\/2022\/06\/VILAR-6-de-8-768x432.jpg 768w, https:\/\/canalbalneario.pt\/v2\/wp-content\/uploads\/2022\/06\/VILAR-6-de-8-310x174.jpg 310w, https:\/\/canalbalneario.pt\/v2\/wp-content\/uploads\/2022\/06\/VILAR-6-de-8-60x34.jpg 60w, https:\/\/canalbalneario.pt\/v2\/wp-content\/uploads\/2022\/06\/VILAR-6-de-8-600x338.jpg 600w, https:\/\/canalbalneario.pt\/v2\/wp-content\/uploads\/2022\/06\/VILAR-6-de-8-107x60.jpg 107w, https:\/\/canalbalneario.pt\/v2\/wp-content\/uploads\/2022\/06\/VILAR-6-de-8-160x90.jpg 160w, https:\/\/canalbalneario.pt\/v2\/wp-content\/uploads\/2022\/06\/VILAR-6-de-8.jpg 1200w\" data-sizes=\"(max-width: 1024px) 100vw, 1024px\" src=\"data:image\/svg+xml;base64,PHN2ZyB3aWR0aD0iMSIgaGVpZ2h0PSIxIiB4bWxucz0iaHR0cDovL3d3dy53My5vcmcvMjAwMC9zdmciPjwvc3ZnPg==\" style=\"--smush-placeholder-width: 1024px; --smush-placeholder-aspect-ratio: 1024\/576;\" \/><\/a><figcaption>Paisagem transmontana<\/figcaption><\/figure>\n\n\n\n<figure class=\"wp-block-image size-large\"><a href=\"https:\/\/canalbalneario.pt\/v2\/wp-content\/uploads\/2022\/06\/VILAR-7-de-8.jpg\"><img decoding=\"async\" width=\"1200\" height=\"675\" data-id=\"4868\" data-src=\"https:\/\/canalbalneario.pt\/v2\/wp-content\/uploads\/2022\/06\/VILAR-7-de-8.jpg\" alt=\"\" class=\"wp-image-4868 lazyload\" data-srcset=\"https:\/\/canalbalneario.pt\/v2\/wp-content\/uploads\/2022\/06\/VILAR-7-de-8.jpg 1200w, https:\/\/canalbalneario.pt\/v2\/wp-content\/uploads\/2022\/06\/VILAR-7-de-8-300x169.jpg 300w, https:\/\/canalbalneario.pt\/v2\/wp-content\/uploads\/2022\/06\/VILAR-7-de-8-1024x576.jpg 1024w, https:\/\/canalbalneario.pt\/v2\/wp-content\/uploads\/2022\/06\/VILAR-7-de-8-768x432.jpg 768w, https:\/\/canalbalneario.pt\/v2\/wp-content\/uploads\/2022\/06\/VILAR-7-de-8-310x174.jpg 310w, https:\/\/canalbalneario.pt\/v2\/wp-content\/uploads\/2022\/06\/VILAR-7-de-8-60x34.jpg 60w, https:\/\/canalbalneario.pt\/v2\/wp-content\/uploads\/2022\/06\/VILAR-7-de-8-600x338.jpg 600w, https:\/\/canalbalneario.pt\/v2\/wp-content\/uploads\/2022\/06\/VILAR-7-de-8-107x60.jpg 107w, https:\/\/canalbalneario.pt\/v2\/wp-content\/uploads\/2022\/06\/VILAR-7-de-8-160x90.jpg 160w\" data-sizes=\"(max-width: 1200px) 100vw, 1200px\" src=\"data:image\/svg+xml;base64,PHN2ZyB3aWR0aD0iMSIgaGVpZ2h0PSIxIiB4bWxucz0iaHR0cDovL3d3dy53My5vcmcvMjAwMC9zdmciPjwvc3ZnPg==\" style=\"--smush-placeholder-width: 1200px; --smush-placeholder-aspect-ratio: 1200\/675;\" \/><\/a><figcaption>Campo da Lage<\/figcaption><\/figure>\n\n\n\n<figure class=\"wp-block-image size-large\"><a href=\"https:\/\/canalbalneario.pt\/v2\/wp-content\/uploads\/2022\/06\/VILAR-8-de-8-1.jpg\"><img decoding=\"async\" width=\"1024\" height=\"576\" data-id=\"4875\" data-src=\"https:\/\/canalbalneario.pt\/v2\/wp-content\/uploads\/2022\/06\/VILAR-8-de-8-1-1024x576.jpg\" alt=\"\" class=\"wp-image-4875 lazyload\" data-srcset=\"https:\/\/canalbalneario.pt\/v2\/wp-content\/uploads\/2022\/06\/VILAR-8-de-8-1-1024x576.jpg 1024w, https:\/\/canalbalneario.pt\/v2\/wp-content\/uploads\/2022\/06\/VILAR-8-de-8-1-300x169.jpg 300w, https:\/\/canalbalneario.pt\/v2\/wp-content\/uploads\/2022\/06\/VILAR-8-de-8-1-768x432.jpg 768w, https:\/\/canalbalneario.pt\/v2\/wp-content\/uploads\/2022\/06\/VILAR-8-de-8-1-310x174.jpg 310w, https:\/\/canalbalneario.pt\/v2\/wp-content\/uploads\/2022\/06\/VILAR-8-de-8-1-60x34.jpg 60w, https:\/\/canalbalneario.pt\/v2\/wp-content\/uploads\/2022\/06\/VILAR-8-de-8-1-600x338.jpg 600w, https:\/\/canalbalneario.pt\/v2\/wp-content\/uploads\/2022\/06\/VILAR-8-de-8-1-107x60.jpg 107w, https:\/\/canalbalneario.pt\/v2\/wp-content\/uploads\/2022\/06\/VILAR-8-de-8-1-160x90.jpg 160w, https:\/\/canalbalneario.pt\/v2\/wp-content\/uploads\/2022\/06\/VILAR-8-de-8-1.jpg 1200w\" data-sizes=\"(max-width: 1024px) 100vw, 1024px\" src=\"data:image\/svg+xml;base64,PHN2ZyB3aWR0aD0iMSIgaGVpZ2h0PSIxIiB4bWxucz0iaHR0cDovL3d3dy53My5vcmcvMjAwMC9zdmciPjwvc3ZnPg==\" style=\"--smush-placeholder-width: 1024px; --smush-placeholder-aspect-ratio: 1024\/576;\" \/><\/a><figcaption>Campo da Lage<\/figcaption><\/figure>\n<\/figure>\n\n\n\n<p>Fizemo-nos \u00e0 estrada no dia 27 de maio, numa tarde quente. Demoramos cerca de 2 horas a percorrer os 199 km que o GPS marcou. Fomos, como sempre, na confraterniza\u00e7\u00e3o que torna este nosso projeto t\u00e3o especial. S\u00e3o amigos a contar hist\u00f3rias de desporto. N\u00e3o como andar triste.<\/p>\n\n\n\n<p>\u00c1 chegada, fomos recebidos pelo M\u00e1rico Rodrigues, o presidente, com quem j\u00e1 t\u00ednhamos contado no <a href=\"https:\/\/www.youtube.com\/watch?v=joo8_EsV3YE\" target=\"_blank\" rel=\"noreferrer noopener\">in\u00edcio da pandemia para falar da paragem competitiva<\/a> na altura. Al\u00e9m dele, entrevistamos tamb\u00e9m o treinador V\u00edtor Gamito, o capit\u00e3o Mika, o artilheiro Hudson e o fiel adepto T\u00f3zinho!<\/p>\n\n\n\n<blockquote class=\"instagram-media\" data-instgrm-captioned data-instgrm-permalink=\"https:\/\/www.instagram.com\/p\/CeJ8unXNjQg\/?utm_source=ig_embed&amp;utm_campaign=loading\" data-instgrm-version=\"14\" style=\" background:#FFF; border:0; border-radius:3px; box-shadow:0 0 1px 0 rgba(0,0,0,0.5),0 1px 10px 0 rgba(0,0,0,0.15); margin: 1px; max-width:540px; min-width:326px; padding:0; width:99.375%; width:-webkit-calc(100% - 2px); width:calc(100% - 2px);\"><div style=\"padding:16px;\"> <a href=\"https:\/\/www.instagram.com\/p\/CeJ8unXNjQg\/?utm_source=ig_embed&amp;utm_campaign=loading\" style=\" background:#FFFFFF; line-height:0; padding:0 0; text-align:center; text-decoration:none; width:100%;\" target=\"_blank\" rel=\"noopener\"> <div style=\" display: flex; flex-direction: row; align-items: center;\"> <div style=\"background-color: #F4F4F4; border-radius: 50%; flex-grow: 0; height: 40px; margin-right: 14px; width: 40px;\"><\/div> <div style=\"display: flex; flex-direction: column; flex-grow: 1; justify-content: center;\"> <div style=\" background-color: #F4F4F4; border-radius: 4px; flex-grow: 0; height: 14px; margin-bottom: 6px; width: 100px;\"><\/div> <div style=\" background-color: #F4F4F4; border-radius: 4px; flex-grow: 0; height: 14px; width: 60px;\"><\/div><\/div><\/div><div style=\"padding: 19% 0;\"><\/div> <div style=\"display:block; height:50px; margin:0 auto 12px; width:50px;\"><svg width=\"50px\" height=\"50px\" viewBox=\"0 0 60 60\" version=\"1.1\" xmlns=\"https:\/\/www.w3.org\/2000\/svg\" xmlns:xlink=\"https:\/\/www.w3.org\/1999\/xlink\"><g stroke=\"none\" stroke-width=\"1\" fill=\"none\" fill-rule=\"evenodd\"><g transform=\"translate(-511.000000, -20.000000)\" fill=\"#000000\"><g><path d=\"M556.869,30.41 C554.814,30.41 553.148,32.076 553.148,34.131 C553.148,36.186 554.814,37.852 556.869,37.852 C558.924,37.852 560.59,36.186 560.59,34.131 C560.59,32.076 558.924,30.41 556.869,30.41 M541,60.657 C535.114,60.657 530.342,55.887 530.342,50 C530.342,44.114 535.114,39.342 541,39.342 C546.887,39.342 551.658,44.114 551.658,50 C551.658,55.887 546.887,60.657 541,60.657 M541,33.886 C532.1,33.886 524.886,41.1 524.886,50 C524.886,58.899 532.1,66.113 541,66.113 C549.9,66.113 557.115,58.899 557.115,50 C557.115,41.1 549.9,33.886 541,33.886 M565.378,62.101 C565.244,65.022 564.756,66.606 564.346,67.663 C563.803,69.06 563.154,70.057 562.106,71.106 C561.058,72.155 560.06,72.803 558.662,73.347 C557.607,73.757 556.021,74.244 553.102,74.378 C549.944,74.521 548.997,74.552 541,74.552 C533.003,74.552 532.056,74.521 528.898,74.378 C525.979,74.244 524.393,73.757 523.338,73.347 C521.94,72.803 520.942,72.155 519.894,71.106 C518.846,70.057 518.197,69.06 517.654,67.663 C517.244,66.606 516.755,65.022 516.623,62.101 C516.479,58.943 516.448,57.996 516.448,50 C516.448,42.003 516.479,41.056 516.623,37.899 C516.755,34.978 517.244,33.391 517.654,32.338 C518.197,30.938 518.846,29.942 519.894,28.894 C520.942,27.846 521.94,27.196 523.338,26.654 C524.393,26.244 525.979,25.756 528.898,25.623 C532.057,25.479 533.004,25.448 541,25.448 C548.997,25.448 549.943,25.479 553.102,25.623 C556.021,25.756 557.607,26.244 558.662,26.654 C560.06,27.196 561.058,27.846 562.106,28.894 C563.154,29.942 563.803,30.938 564.346,32.338 C564.756,33.391 565.244,34.978 565.378,37.899 C565.522,41.056 565.552,42.003 565.552,50 C565.552,57.996 565.522,58.943 565.378,62.101 M570.82,37.631 C570.674,34.438 570.167,32.258 569.425,30.349 C568.659,28.377 567.633,26.702 565.965,25.035 C564.297,23.368 562.623,22.342 560.652,21.575 C558.743,20.834 556.562,20.326 553.369,20.18 C550.169,20.033 549.148,20 541,20 C532.853,20 531.831,20.033 528.631,20.18 C525.438,20.326 523.257,20.834 521.349,21.575 C519.376,22.342 517.703,23.368 516.035,25.035 C514.368,26.702 513.342,28.377 512.574,30.349 C511.834,32.258 511.326,34.438 511.181,37.631 C511.035,40.831 511,41.851 511,50 C511,58.147 511.035,59.17 511.181,62.369 C511.326,65.562 511.834,67.743 512.574,69.651 C513.342,71.625 514.368,73.296 516.035,74.965 C517.703,76.634 519.376,77.658 521.349,78.425 C523.257,79.167 525.438,79.673 528.631,79.82 C531.831,79.965 532.853,80.001 541,80.001 C549.148,80.001 550.169,79.965 553.369,79.82 C556.562,79.673 558.743,79.167 560.652,78.425 C562.623,77.658 564.297,76.634 565.965,74.965 C567.633,73.296 568.659,71.625 569.425,69.651 C570.167,67.743 570.674,65.562 570.82,62.369 C570.966,59.17 571,58.147 571,50 C571,41.851 570.966,40.831 570.82,37.631\"><\/path><\/g><\/g><\/g><\/svg><\/div><div style=\"padding-top: 8px;\"> <div style=\" color:#3897f0; font-family:Arial,sans-serif; font-size:14px; font-style:normal; font-weight:550; line-height:18px;\">Ver esta publica\u00e7\u00e3o no Instagram<\/div><\/div><div style=\"padding: 12.5% 0;\"><\/div> <div style=\"display: flex; flex-direction: row; margin-bottom: 14px; align-items: center;\"><div> <div style=\"background-color: #F4F4F4; border-radius: 50%; height: 12.5px; width: 12.5px; transform: translateX(0px) translateY(7px);\"><\/div> <div style=\"background-color: #F4F4F4; height: 12.5px; transform: rotate(-45deg) translateX(3px) translateY(1px); width: 12.5px; flex-grow: 0; margin-right: 14px; margin-left: 2px;\"><\/div> <div style=\"background-color: #F4F4F4; border-radius: 50%; height: 12.5px; width: 12.5px; transform: translateX(9px) translateY(-18px);\"><\/div><\/div><div style=\"margin-left: 8px;\"> <div style=\" background-color: #F4F4F4; border-radius: 50%; flex-grow: 0; height: 20px; width: 20px;\"><\/div> <div style=\" width: 0; height: 0; border-top: 2px solid transparent; border-left: 6px solid #f4f4f4; border-bottom: 2px solid transparent; transform: translateX(16px) translateY(-4px) rotate(30deg)\"><\/div><\/div><div style=\"margin-left: auto;\"> <div style=\" width: 0px; border-top: 8px solid #F4F4F4; border-right: 8px solid transparent; transform: translateY(16px);\"><\/div> <div style=\" background-color: #F4F4F4; flex-grow: 0; height: 12px; width: 16px; transform: translateY(-4px);\"><\/div> <div style=\" width: 0; height: 0; border-top: 8px solid #F4F4F4; border-left: 8px solid transparent; transform: translateY(-4px) translateX(8px);\"><\/div><\/div><\/div> <div style=\"display: flex; flex-direction: column; flex-grow: 1; justify-content: center; margin-bottom: 24px;\"> <div style=\" background-color: #F4F4F4; border-radius: 4px; flex-grow: 0; height: 14px; margin-bottom: 6px; width: 224px;\"><\/div> <div style=\" background-color: #F4F4F4; border-radius: 4px; flex-grow: 0; height: 14px; width: 144px;\"><\/div><\/div><\/a><p style=\" color:#c9c8cd; font-family:Arial,sans-serif; font-size:14px; line-height:17px; margin-bottom:0; margin-top:8px; overflow:hidden; padding:8px 0 7px; text-align:center; text-overflow:ellipsis; white-space:nowrap;\"><a href=\"https:\/\/www.instagram.com\/p\/CeJ8unXNjQg\/?utm_source=ig_embed&amp;utm_campaign=loading\" style=\" color:#c9c8cd; font-family:Arial,sans-serif; font-size:14px; font-style:normal; font-weight:normal; line-height:17px; text-decoration:none;\" target=\"_blank\" rel=\"noopener\">Uma publica\u00e7\u00e3o partilhada por Canal Balne\u00e1rio (@canalbalneario)<\/a><\/p><\/div><\/blockquote> <script async src=\"\/\/www.instagram.com\/embed.js\"><\/script>\n\n\n\n<p>Tr\u00e1s-os-Montes \u00e9 especial, \u00e9 diferente, e continua a ter estas hist\u00f3rias de resili\u00eancia que nos v\u00eam do interior. S\u00f3 quem conhece, sabe como \u00e9&#8230; E n\u00f3s queremos que voc\u00eas conhe\u00e7am.<\/p>\n\n\n\n<p><\/p>\n","protected":false},"excerpt":{"rendered":"<p>Seguimos em viagem e o destino em concreto \u00e9 a Aldeia Mais M\u00edstica de Portugal:&#8230;<\/p>\n","protected":false},"author":1,"featured_media":4871,"comment_status":"closed","ping_status":"open","sticky":false,"template":"","format":"standard","meta":{"footnotes":""},"categories":[40,17],"tags":[25,383,34],"class_list":["post-4865","post","type-post","status-publish","format-standard","has-post-thumbnail","hentry","category-destaques","category-historias-de-balneario","tag-futebol","tag-gd-vilar-de-perdizes","tag-historias-de-balneario"],"yoast_head":"<!-- This site is optimized with the Yoast SEO plugin v27.5 - https:\/\/yoast.com\/product\/yoast-seo-wordpress\/ -->\n<title>Vilar de Perdizes: A Aldeia M\u00edstica est\u00e1 nos Nacionais | Canal Balne\u00e1rio<\/title>\n<meta name=\"description\" content=\"Seguimos em viagem e o destino em concreto \u00e9 a Aldeia Mais M\u00edstica de Portugal: Vilar de Perdizes.\" \/>\n<meta name=\"robots\" content=\"index, follow, max-snippet:-1, max-image-preview:large, max-video-preview:-1\" \/>\n<link rel=\"canonical\" href=\"https:\/\/canalbalneario.pt\/v2\/2022\/06\/01\/vilar-de-perdizes-2\/\" \/>\n<meta property=\"og:locale\" content=\"pt_PT\" \/>\n<meta property=\"og:type\" content=\"article\" \/>\n<meta property=\"og:title\" content=\"Vilar de Perdizes: A Aldeia M\u00edstica est\u00e1 nos Nacionais | Canal Balne\u00e1rio\" \/>\n<meta property=\"og:description\" content=\"Seguimos em viagem e o destino em concreto \u00e9 a Aldeia Mais M\u00edstica de Portugal: Vilar de Perdizes.\" \/>\n<meta property=\"og:url\" content=\"https:\/\/canalbalneario.pt\/v2\/2022\/06\/01\/vilar-de-perdizes-2\/\" \/>\n<meta property=\"og:site_name\" content=\"Canal Balne\u00e1rio\" \/>\n<meta property=\"article:publisher\" content=\"http:\/\/www.facebook.com\/canalbalneario\" \/>\n<meta property=\"article:published_time\" content=\"2022-06-01T13:04:32+00:00\" \/>\n<meta property=\"article:modified_time\" content=\"2022-06-01T13:09:18+00:00\" \/>\n<meta property=\"og:image\" content=\"https:\/\/canalbalneario.pt\/v2\/wp-content\/uploads\/2022\/06\/vilar-de-perdizes.jpg\" \/>\n\t<meta property=\"og:image:width\" content=\"1200\" \/>\n\t<meta property=\"og:image:height\" content=\"675\" \/>\n\t<meta property=\"og:image:type\" content=\"image\/jpeg\" \/>\n<meta name=\"author\" content=\"S\u00e9rgio Martins\" \/>\n<meta name=\"twitter:card\" content=\"summary_large_image\" \/>\n<meta name=\"twitter:creator\" content=\"@canalbalneario\" \/>\n<meta name=\"twitter:site\" content=\"@canalbalneario\" \/>\n<meta name=\"twitter:label1\" content=\"Escrito por\" \/>\n\t<meta name=\"twitter:data1\" content=\"S\u00e9rgio Martins\" \/>\n\t<meta name=\"twitter:label2\" content=\"Tempo estimado de leitura\" \/>\n\t<meta name=\"twitter:data2\" content=\"4 minutos\" \/>\n<script type=\"application\/ld+json\" class=\"yoast-schema-graph\">{\"@context\":\"https:\\\/\\\/schema.org\",\"@graph\":[{\"@type\":\"Article\",\"@id\":\"https:\\\/\\\/canalbalneario.pt\\\/v2\\\/2022\\\/06\\\/01\\\/vilar-de-perdizes-2\\\/#article\",\"isPartOf\":{\"@id\":\"https:\\\/\\\/canalbalneario.pt\\\/v2\\\/2022\\\/06\\\/01\\\/vilar-de-perdizes-2\\\/\"},\"author\":{\"name\":\"S\u00e9rgio Martins\",\"@id\":\"https:\\\/\\\/canalbalneario.pt\\\/v2\\\/#\\\/schema\\\/person\\\/2662673acb2fcf37cf3f4a302db9457f\"},\"headline\":\"Vilar de Perdizes: A Aldeia M\u00edstica est\u00e1 nos Nacionais\",\"datePublished\":\"2022-06-01T13:04:32+00:00\",\"dateModified\":\"2022-06-01T13:09:18+00:00\",\"mainEntityOfPage\":{\"@id\":\"https:\\\/\\\/canalbalneario.pt\\\/v2\\\/2022\\\/06\\\/01\\\/vilar-de-perdizes-2\\\/\"},\"wordCount\":389,\"publisher\":{\"@id\":\"https:\\\/\\\/canalbalneario.pt\\\/v2\\\/#organization\"},\"image\":{\"@id\":\"https:\\\/\\\/canalbalneario.pt\\\/v2\\\/2022\\\/06\\\/01\\\/vilar-de-perdizes-2\\\/#primaryimage\"},\"thumbnailUrl\":\"https:\\\/\\\/canalbalneario.pt\\\/v2\\\/wp-content\\\/uploads\\\/2022\\\/06\\\/vilar-de-perdizes.jpg\",\"keywords\":[\"Futebol\",\"GD Vilar de Perdizes\",\"Hist\u00f3rias de Balne\u00e1rio\"],\"articleSection\":[\"Destaques\",\"Hist\u00f3rias de Balne\u00e1rio\"],\"inLanguage\":\"pt-PT\"},{\"@type\":\"WebPage\",\"@id\":\"https:\\\/\\\/canalbalneario.pt\\\/v2\\\/2022\\\/06\\\/01\\\/vilar-de-perdizes-2\\\/\",\"url\":\"https:\\\/\\\/canalbalneario.pt\\\/v2\\\/2022\\\/06\\\/01\\\/vilar-de-perdizes-2\\\/\",\"name\":\"Vilar de Perdizes: A Aldeia M\u00edstica est\u00e1 nos Nacionais | Canal Balne\u00e1rio\",\"isPartOf\":{\"@id\":\"https:\\\/\\\/canalbalneario.pt\\\/v2\\\/#website\"},\"primaryImageOfPage\":{\"@id\":\"https:\\\/\\\/canalbalneario.pt\\\/v2\\\/2022\\\/06\\\/01\\\/vilar-de-perdizes-2\\\/#primaryimage\"},\"image\":{\"@id\":\"https:\\\/\\\/canalbalneario.pt\\\/v2\\\/2022\\\/06\\\/01\\\/vilar-de-perdizes-2\\\/#primaryimage\"},\"thumbnailUrl\":\"https:\\\/\\\/canalbalneario.pt\\\/v2\\\/wp-content\\\/uploads\\\/2022\\\/06\\\/vilar-de-perdizes.jpg\",\"datePublished\":\"2022-06-01T13:04:32+00:00\",\"dateModified\":\"2022-06-01T13:09:18+00:00\",\"description\":\"Seguimos em viagem e o destino em concreto \u00e9 a Aldeia Mais M\u00edstica de Portugal: Vilar de Perdizes.\",\"breadcrumb\":{\"@id\":\"https:\\\/\\\/canalbalneario.pt\\\/v2\\\/2022\\\/06\\\/01\\\/vilar-de-perdizes-2\\\/#breadcrumb\"},\"inLanguage\":\"pt-PT\",\"potentialAction\":[{\"@type\":\"ReadAction\",\"target\":[\"https:\\\/\\\/canalbalneario.pt\\\/v2\\\/2022\\\/06\\\/01\\\/vilar-de-perdizes-2\\\/\"]}]},{\"@type\":\"ImageObject\",\"inLanguage\":\"pt-PT\",\"@id\":\"https:\\\/\\\/canalbalneario.pt\\\/v2\\\/2022\\\/06\\\/01\\\/vilar-de-perdizes-2\\\/#primaryimage\",\"url\":\"https:\\\/\\\/canalbalneario.pt\\\/v2\\\/wp-content\\\/uploads\\\/2022\\\/06\\\/vilar-de-perdizes.jpg\",\"contentUrl\":\"https:\\\/\\\/canalbalneario.pt\\\/v2\\\/wp-content\\\/uploads\\\/2022\\\/06\\\/vilar-de-perdizes.jpg\",\"width\":1200,\"height\":675,\"caption\":\"GD Vilar de Perdizes com os \\\"refor\u00e7os\\\" do Balne\u00e1rio\"},{\"@type\":\"BreadcrumbList\",\"@id\":\"https:\\\/\\\/canalbalneario.pt\\\/v2\\\/2022\\\/06\\\/01\\\/vilar-de-perdizes-2\\\/#breadcrumb\",\"itemListElement\":[{\"@type\":\"ListItem\",\"position\":1,\"name\":\"In\u00edcio\",\"item\":\"https:\\\/\\\/canalbalneario.pt\\\/v2\\\/\"},{\"@type\":\"ListItem\",\"position\":2,\"name\":\"Vilar de Perdizes: A Aldeia M\u00edstica est\u00e1 nos Nacionais\"}]},{\"@type\":\"WebSite\",\"@id\":\"https:\\\/\\\/canalbalneario.pt\\\/v2\\\/#website\",\"url\":\"https:\\\/\\\/canalbalneario.pt\\\/v2\\\/\",\"name\":\"Canal Balne\u00e1rio\",\"description\":\"Hist\u00f3rias do desporto na primeira pessoa, do futebol ao berlinde, do nacional ao distrital\",\"publisher\":{\"@id\":\"https:\\\/\\\/canalbalneario.pt\\\/v2\\\/#organization\"},\"potentialAction\":[{\"@type\":\"SearchAction\",\"target\":{\"@type\":\"EntryPoint\",\"urlTemplate\":\"https:\\\/\\\/canalbalneario.pt\\\/v2\\\/?s={search_term_string}\"},\"query-input\":{\"@type\":\"PropertyValueSpecification\",\"valueRequired\":true,\"valueName\":\"search_term_string\"}}],\"inLanguage\":\"pt-PT\"},{\"@type\":\"Organization\",\"@id\":\"https:\\\/\\\/canalbalneario.pt\\\/v2\\\/#organization\",\"name\":\"Balne\u00e1rio\",\"url\":\"https:\\\/\\\/canalbalneario.pt\\\/v2\\\/\",\"logo\":{\"@type\":\"ImageObject\",\"inLanguage\":\"pt-PT\",\"@id\":\"https:\\\/\\\/canalbalneario.pt\\\/v2\\\/#\\\/schema\\\/logo\\\/image\\\/\",\"url\":\"https:\\\/\\\/canalbalneario.pt\\\/v2\\\/wp-content\\\/uploads\\\/2024\\\/01\\\/cropped-perfil-2.png\",\"contentUrl\":\"https:\\\/\\\/canalbalneario.pt\\\/v2\\\/wp-content\\\/uploads\\\/2024\\\/01\\\/cropped-perfil-2.png\",\"width\":512,\"height\":512,\"caption\":\"Balne\u00e1rio\"},\"image\":{\"@id\":\"https:\\\/\\\/canalbalneario.pt\\\/v2\\\/#\\\/schema\\\/logo\\\/image\\\/\"},\"sameAs\":[\"http:\\\/\\\/www.facebook.com\\\/canalbalneario\",\"https:\\\/\\\/x.com\\\/canalbalneario\",\"http:\\\/\\\/www.instagram.com\\\/canalbalneario\",\"http:\\\/\\\/www.youtube.com\\\/balneariocanal\"]},{\"@type\":\"Person\",\"@id\":\"https:\\\/\\\/canalbalneario.pt\\\/v2\\\/#\\\/schema\\\/person\\\/2662673acb2fcf37cf3f4a302db9457f\",\"name\":\"S\u00e9rgio Martins\",\"image\":{\"@type\":\"ImageObject\",\"inLanguage\":\"pt-PT\",\"@id\":\"https:\\\/\\\/canalbalneario.pt\\\/v2\\\/wp-content\\\/uploads\\\/2024\\\/01\\\/headshot-perfil-balneario-2024-1-96x96.png\",\"url\":\"https:\\\/\\\/canalbalneario.pt\\\/v2\\\/wp-content\\\/uploads\\\/2024\\\/01\\\/headshot-perfil-balneario-2024-1-96x96.png\",\"contentUrl\":\"https:\\\/\\\/canalbalneario.pt\\\/v2\\\/wp-content\\\/uploads\\\/2024\\\/01\\\/headshot-perfil-balneario-2024-1-96x96.png\",\"caption\":\"S\u00e9rgio Martins\"},\"description\":\"Natural de Nogueira do Cravo, Oliveira de Azem\u00e9is, sou um inquieto que trabalha e ensina multim\u00e9dia, sobretudo a parte de v\u00eddeo e imagem. Tenho tamb\u00e9m compet\u00eancias no que toca a hardware, software, redes e programa\u00e7\u00e3o web. A experi\u00eancia acumulada ao longo do tempo conferiu-me essa polival\u00eancia.\",\"sameAs\":[\"http:\\\/\\\/www.sergiomartins.pt\"],\"url\":\"https:\\\/\\\/canalbalneario.pt\\\/v2\\\/author\\\/gaizka\\\/\"}]}<\/script>\n<!-- \/ Yoast SEO plugin. -->","yoast_head_json":{"title":"Vilar de Perdizes: A Aldeia M\u00edstica est\u00e1 nos Nacionais | Canal Balne\u00e1rio","description":"Seguimos em viagem e o destino em concreto \u00e9 a Aldeia Mais M\u00edstica de Portugal: Vilar de Perdizes.","robots":{"index":"index","follow":"follow","max-snippet":"max-snippet:-1","max-image-preview":"max-image-preview:large","max-video-preview":"max-video-preview:-1"},"canonical":"https:\/\/canalbalneario.pt\/v2\/2022\/06\/01\/vilar-de-perdizes-2\/","og_locale":"pt_PT","og_type":"article","og_title":"Vilar de Perdizes: A Aldeia M\u00edstica est\u00e1 nos Nacionais | Canal Balne\u00e1rio","og_description":"Seguimos em viagem e o destino em concreto \u00e9 a Aldeia Mais M\u00edstica de Portugal: Vilar de Perdizes.","og_url":"https:\/\/canalbalneario.pt\/v2\/2022\/06\/01\/vilar-de-perdizes-2\/","og_site_name":"Canal Balne\u00e1rio","article_publisher":"http:\/\/www.facebook.com\/canalbalneario","article_published_time":"2022-06-01T13:04:32+00:00","article_modified_time":"2022-06-01T13:09:18+00:00","og_image":[{"width":1200,"height":675,"url":"https:\/\/canalbalneario.pt\/v2\/wp-content\/uploads\/2022\/06\/vilar-de-perdizes.jpg","type":"image\/jpeg"}],"author":"S\u00e9rgio Martins","twitter_card":"summary_large_image","twitter_creator":"@canalbalneario","twitter_site":"@canalbalneario","twitter_misc":{"Escrito por":"S\u00e9rgio Martins","Tempo estimado de leitura":"4 minutos"},"schema":{"@context":"https:\/\/schema.org","@graph":[{"@type":"Article","@id":"https:\/\/canalbalneario.pt\/v2\/2022\/06\/01\/vilar-de-perdizes-2\/#article","isPartOf":{"@id":"https:\/\/canalbalneario.pt\/v2\/2022\/06\/01\/vilar-de-perdizes-2\/"},"author":{"name":"S\u00e9rgio Martins","@id":"https:\/\/canalbalneario.pt\/v2\/#\/schema\/person\/2662673acb2fcf37cf3f4a302db9457f"},"headline":"Vilar de Perdizes: A Aldeia M\u00edstica est\u00e1 nos Nacionais","datePublished":"2022-06-01T13:04:32+00:00","dateModified":"2022-06-01T13:09:18+00:00","mainEntityOfPage":{"@id":"https:\/\/canalbalneario.pt\/v2\/2022\/06\/01\/vilar-de-perdizes-2\/"},"wordCount":389,"publisher":{"@id":"https:\/\/canalbalneario.pt\/v2\/#organization"},"image":{"@id":"https:\/\/canalbalneario.pt\/v2\/2022\/06\/01\/vilar-de-perdizes-2\/#primaryimage"},"thumbnailUrl":"https:\/\/canalbalneario.pt\/v2\/wp-content\/uploads\/2022\/06\/vilar-de-perdizes.jpg","keywords":["Futebol","GD Vilar de Perdizes","Hist\u00f3rias de Balne\u00e1rio"],"articleSection":["Destaques","Hist\u00f3rias de Balne\u00e1rio"],"inLanguage":"pt-PT"},{"@type":"WebPage","@id":"https:\/\/canalbalneario.pt\/v2\/2022\/06\/01\/vilar-de-perdizes-2\/","url":"https:\/\/canalbalneario.pt\/v2\/2022\/06\/01\/vilar-de-perdizes-2\/","name":"Vilar de Perdizes: A Aldeia M\u00edstica est\u00e1 nos Nacionais | Canal Balne\u00e1rio","isPartOf":{"@id":"https:\/\/canalbalneario.pt\/v2\/#website"},"primaryImageOfPage":{"@id":"https:\/\/canalbalneario.pt\/v2\/2022\/06\/01\/vilar-de-perdizes-2\/#primaryimage"},"image":{"@id":"https:\/\/canalbalneario.pt\/v2\/2022\/06\/01\/vilar-de-perdizes-2\/#primaryimage"},"thumbnailUrl":"https:\/\/canalbalneario.pt\/v2\/wp-content\/uploads\/2022\/06\/vilar-de-perdizes.jpg","datePublished":"2022-06-01T13:04:32+00:00","dateModified":"2022-06-01T13:09:18+00:00","description":"Seguimos em viagem e o destino em concreto \u00e9 a Aldeia Mais M\u00edstica de Portugal: Vilar de Perdizes.","breadcrumb":{"@id":"https:\/\/canalbalneario.pt\/v2\/2022\/06\/01\/vilar-de-perdizes-2\/#breadcrumb"},"inLanguage":"pt-PT","potentialAction":[{"@type":"ReadAction","target":["https:\/\/canalbalneario.pt\/v2\/2022\/06\/01\/vilar-de-perdizes-2\/"]}]},{"@type":"ImageObject","inLanguage":"pt-PT","@id":"https:\/\/canalbalneario.pt\/v2\/2022\/06\/01\/vilar-de-perdizes-2\/#primaryimage","url":"https:\/\/canalbalneario.pt\/v2\/wp-content\/uploads\/2022\/06\/vilar-de-perdizes.jpg","contentUrl":"https:\/\/canalbalneario.pt\/v2\/wp-content\/uploads\/2022\/06\/vilar-de-perdizes.jpg","width":1200,"height":675,"caption":"GD Vilar de Perdizes com os \"refor\u00e7os\" do Balne\u00e1rio"},{"@type":"BreadcrumbList","@id":"https:\/\/canalbalneario.pt\/v2\/2022\/06\/01\/vilar-de-perdizes-2\/#breadcrumb","itemListElement":[{"@type":"ListItem","position":1,"name":"In\u00edcio","item":"https:\/\/canalbalneario.pt\/v2\/"},{"@type":"ListItem","position":2,"name":"Vilar de Perdizes: A Aldeia M\u00edstica est\u00e1 nos Nacionais"}]},{"@type":"WebSite","@id":"https:\/\/canalbalneario.pt\/v2\/#website","url":"https:\/\/canalbalneario.pt\/v2\/","name":"Canal Balne\u00e1rio","description":"Hist\u00f3rias do desporto na primeira pessoa, do futebol ao berlinde, do nacional ao distrital","publisher":{"@id":"https:\/\/canalbalneario.pt\/v2\/#organization"},"potentialAction":[{"@type":"SearchAction","target":{"@type":"EntryPoint","urlTemplate":"https:\/\/canalbalneario.pt\/v2\/?s={search_term_string}"},"query-input":{"@type":"PropertyValueSpecification","valueRequired":true,"valueName":"search_term_string"}}],"inLanguage":"pt-PT"},{"@type":"Organization","@id":"https:\/\/canalbalneario.pt\/v2\/#organization","name":"Balne\u00e1rio","url":"https:\/\/canalbalneario.pt\/v2\/","logo":{"@type":"ImageObject","inLanguage":"pt-PT","@id":"https:\/\/canalbalneario.pt\/v2\/#\/schema\/logo\/image\/","url":"https:\/\/canalbalneario.pt\/v2\/wp-content\/uploads\/2024\/01\/cropped-perfil-2.png","contentUrl":"https:\/\/canalbalneario.pt\/v2\/wp-content\/uploads\/2024\/01\/cropped-perfil-2.png","width":512,"height":512,"caption":"Balne\u00e1rio"},"image":{"@id":"https:\/\/canalbalneario.pt\/v2\/#\/schema\/logo\/image\/"},"sameAs":["http:\/\/www.facebook.com\/canalbalneario","https:\/\/x.com\/canalbalneario","http:\/\/www.instagram.com\/canalbalneario","http:\/\/www.youtube.com\/balneariocanal"]},{"@type":"Person","@id":"https:\/\/canalbalneario.pt\/v2\/#\/schema\/person\/2662673acb2fcf37cf3f4a302db9457f","name":"S\u00e9rgio Martins","image":{"@type":"ImageObject","inLanguage":"pt-PT","@id":"https:\/\/canalbalneario.pt\/v2\/wp-content\/uploads\/2024\/01\/headshot-perfil-balneario-2024-1-96x96.png","url":"https:\/\/canalbalneario.pt\/v2\/wp-content\/uploads\/2024\/01\/headshot-perfil-balneario-2024-1-96x96.png","contentUrl":"https:\/\/canalbalneario.pt\/v2\/wp-content\/uploads\/2024\/01\/headshot-perfil-balneario-2024-1-96x96.png","caption":"S\u00e9rgio Martins"},"description":"Natural de Nogueira do Cravo, Oliveira de Azem\u00e9is, sou um inquieto que trabalha e ensina multim\u00e9dia, sobretudo a parte de v\u00eddeo e imagem. Tenho tamb\u00e9m compet\u00eancias no que toca a hardware, software, redes e programa\u00e7\u00e3o web. A experi\u00eancia acumulada ao longo do tempo conferiu-me essa polival\u00eancia.","sameAs":["http:\/\/www.sergiomartins.pt"],"url":"https:\/\/canalbalneario.pt\/v2\/author\/gaizka\/"}]}},"featured_image_urls":{"full":["https:\/\/canalbalneario.pt\/v2\/wp-content\/uploads\/2022\/06\/vilar-de-perdizes.jpg",1200,675,false],"thumbnail":["https:\/\/canalbalneario.pt\/v2\/wp-content\/uploads\/2022\/06\/vilar-de-perdizes-150x150.jpg",150,150,true],"medium":["https:\/\/canalbalneario.pt\/v2\/wp-content\/uploads\/2022\/06\/vilar-de-perdizes-300x169.jpg",300,169,true],"medium_large":["https:\/\/canalbalneario.pt\/v2\/wp-content\/uploads\/2022\/06\/vilar-de-perdizes-768x432.jpg",640,360,true],"large":["https:\/\/canalbalneario.pt\/v2\/wp-content\/uploads\/2022\/06\/vilar-de-perdizes-1024x576.jpg",640,360,true],"1536x1536":["https:\/\/canalbalneario.pt\/v2\/wp-content\/uploads\/2022\/06\/vilar-de-perdizes.jpg",1200,675,false],"2048x2048":["https:\/\/canalbalneario.pt\/v2\/wp-content\/uploads\/2022\/06\/vilar-de-perdizes.jpg",1200,675,false],"joomsport-thmb-medium":["https:\/\/canalbalneario.pt\/v2\/wp-content\/uploads\/2022\/06\/vilar-de-perdizes-310x174.jpg",310,174,true],"newsphere-slider-full":["https:\/\/canalbalneario.pt\/v2\/wp-content\/uploads\/2022\/06\/vilar-de-perdizes.jpg",1200,675,false],"newsphere-featured":["https:\/\/canalbalneario.pt\/v2\/wp-content\/uploads\/2022\/06\/vilar-de-perdizes-1024x576.jpg",1024,576,true],"newsphere-medium":["https:\/\/canalbalneario.pt\/v2\/wp-content\/uploads\/2022\/06\/vilar-de-perdizes-720x380.jpg",720,380,true],"profile_24":["https:\/\/canalbalneario.pt\/v2\/wp-content\/uploads\/2022\/06\/vilar-de-perdizes.jpg",24,14,false],"profile_48":["https:\/\/canalbalneario.pt\/v2\/wp-content\/uploads\/2022\/06\/vilar-de-perdizes.jpg",48,27,false],"profile_96":["https:\/\/canalbalneario.pt\/v2\/wp-content\/uploads\/2022\/06\/vilar-de-perdizes.jpg",96,54,false],"profile_150":["https:\/\/canalbalneario.pt\/v2\/wp-content\/uploads\/2022\/06\/vilar-de-perdizes.jpg",150,84,false],"profile_300":["https:\/\/canalbalneario.pt\/v2\/wp-content\/uploads\/2022\/06\/vilar-de-perdizes.jpg",300,169,false],"tptn_thumbnail":["https:\/\/canalbalneario.pt\/v2\/wp-content\/uploads\/2022\/06\/vilar-de-perdizes-250x250.jpg",250,250,true]},"author_info":{"display_name":"S\u00e9rgio Martins","author_link":"https:\/\/canalbalneario.pt\/v2\/author\/gaizka\/"},"category_info":"<a href=\"https:\/\/canalbalneario.pt\/v2\/category\/destaques\/\" rel=\"category tag\">Destaques<\/a> <a href=\"https:\/\/canalbalneario.pt\/v2\/category\/historias-de-balneario\/\" rel=\"category tag\">Hist\u00f3rias de Balne\u00e1rio<\/a>","tag_info":"Hist\u00f3rias de Balne\u00e1rio","comment_count":"0","_links":{"self":[{"href":"https:\/\/canalbalneario.pt\/v2\/wp-json\/wp\/v2\/posts\/4865","targetHints":{"allow":["GET"]}}],"collection":[{"href":"https:\/\/canalbalneario.pt\/v2\/wp-json\/wp\/v2\/posts"}],"about":[{"href":"https:\/\/canalbalneario.pt\/v2\/wp-json\/wp\/v2\/types\/post"}],"author":[{"embeddable":true,"href":"https:\/\/canalbalneario.pt\/v2\/wp-json\/wp\/v2\/users\/1"}],"replies":[{"embeddable":true,"href":"https:\/\/canalbalneario.pt\/v2\/wp-json\/wp\/v2\/comments?post=4865"}],"version-history":[{"count":0,"href":"https:\/\/canalbalneario.pt\/v2\/wp-json\/wp\/v2\/posts\/4865\/revisions"}],"wp:featuredmedia":[{"embeddable":true,"href":"https:\/\/canalbalneario.pt\/v2\/wp-json\/wp\/v2\/media\/4871"}],"wp:attachment":[{"href":"https:\/\/canalbalneario.pt\/v2\/wp-json\/wp\/v2\/media?parent=4865"}],"wp:term":[{"taxonomy":"category","embeddable":true,"href":"https:\/\/canalbalneario.pt\/v2\/wp-json\/wp\/v2\/categories?post=4865"},{"taxonomy":"post_tag","embeddable":true,"href":"https:\/\/canalbalneario.pt\/v2\/wp-json\/wp\/v2\/tags?post=4865"}],"curies":[{"name":"wp","href":"https:\/\/api.w.org\/{rel}","templated":true}]}}