{"id":8593,"date":"2023-11-04T12:52:13","date_gmt":"2023-11-04T12:52:13","guid":{"rendered":"https:\/\/canalbalneario.pt\/v2\/?p=8593"},"modified":"2023-11-04T12:52:24","modified_gmt":"2023-11-04T12:52:24","slug":"liga-dos-campeoes-equipas-portuguesas-fortes-na-qualificacao-para-a-fase-de-grupos","status":"publish","type":"post","link":"https:\/\/canalbalneario.pt\/v2\/2023\/11\/04\/liga-dos-campeoes-equipas-portuguesas-fortes-na-qualificacao-para-a-fase-de-grupos\/","title":{"rendered":"Liga dos Campe\u00f5es: Equipas Portuguesas Fortes na Qualifica\u00e7\u00e3o para a Fase de Grupos"},"content":{"rendered":"\n<p>Durante o fim de semana tem lugaro emocionante caminho de qualifica\u00e7\u00e3o para a fase de grupos da Liga dos Campe\u00f5es de H\u00f3quei em Patins com jogos intensos e performances not\u00e1veis. Com o Benfica, o Sporting e o \u00d3quei de Barcelos j\u00e1 garantidos na pr\u00f3xima fase, o foco vai na jornada final para as restantes equipas portuguesas &#8211; FC Porto, Valongo, SC Tomar e Oliveirense.<\/p>\n\n\n\n<p>O Valongo demonstrou um desempenho excepcional no Municipal de Tomar, garantindo uma vit\u00f3ria emocionante sobre o Noia por 6-4. Um jogo de altos e baixos, no qual Jo\u00e3o Almeida brilhou com cinco golos, incluindo tr\u00eas de livre direto, tornando-se a figura decisiva do confronto. A reviravolta intensa e os momentos fren\u00e9ticos tornaram este jogo um espet\u00e1culo memor\u00e1vel para os f\u00e3s.<\/p>\n\n\n\n<p>Por sua vez, o SC Tomar assegurou uma vit\u00f3ria expressiva ao derrotar o Herringen por 6-1. Com uma exibi\u00e7\u00e3o dominante nos primeiros 25 minutos, a equipa da casa controlou o jogo, resultando em uma vantagem confort\u00e1vel ao intervalo. O destaque foi a atua\u00e7\u00e3o imponente de Andr\u00e9 Centeno, Alexandre Marques e Diogo Cortez, que impulsionaram a equipa para um triunfo incontest\u00e1vel.<\/p>\n\n\n\n<p>Enquanto isso, a Oliveirense n\u00e3o poupou esfor\u00e7os e conseguiu uma exibi\u00e7\u00e3o impressionante ao vencer o Diessbach por 10-1. Uma performance avassaladora, com destaque para Facundo Navarro, que marcou um hat-trick, e outros jogadores que contribu\u00edram para uma vit\u00f3ria dominante, consolidando a sua posi\u00e7\u00e3o na competi\u00e7\u00e3o.<\/p>\n\n\n\n<p>FC Portou e Leida empataram no tempo regulamentar. A partida mostrou-se disputada, com ambas as equipas a demonstrar prud\u00eancia t\u00e1tica. O FC Porto, no entanto, mostrou-se mais incisivo, criando as melhores oportunidades, com H\u00e9lder Nunes acertando no poste da baliza de Zapater de um livre direto na segunda parte. Gon\u00e7alo Alves teve outra oportunidade de livre direto, mas n\u00e3o conseguiu levar a melhor sobre o guardi\u00e3o espanhol.<\/p>\n\n\n\n<p>Aos 46 minutos, o Lleida teve uma chance crucial para quebrar o empate, mas Sergi Folguera, na cobran\u00e7a de um livre direto, n\u00e3o conseguiu concretizar, cometendo falta ao levantar muito a bola. O jogo terminou empatado, sendo necess\u00e1ria a marca\u00e7\u00e3o de livres diretos para desempate, com o Lleida a levar a melhor por 2-1.<\/p>\n\n\n\n<p>O FC Porto enfrentar\u00e1 os franceses do Noisy neste s\u00e1bado \u00e0s 15 horas e, no domingo \u00e0s 10 horas, ter\u00e1 outro desafio contra o Coutras, consideradas teoricamente as equipas mais fracas desta poule. Vale ressaltar que os dois primeiros classificados avan\u00e7am para a fase de grupos da Liga dos Campe\u00f5es<\/p>\n\n\n\n<p>As equipas portuguesas demonstraram a sua for\u00e7a e habilidade, preparando-se para os pr\u00f3ximos embates. O Valongo enfrentar\u00e1 o Herrigen no s\u00e1bado \u00e0s 18 horas e o SC Tomar ter\u00e1 um confronto emocionante no domingo \u00e0s 14 horas contra o Valongo.<\/p>\n\n\n\n<p>Por fim, a Oliveirense enfrentar\u00e1 o Igualada no s\u00e1bado \u00e0s 15 horas, seguindo-se um desafiante confronto com o Forte dei Marmi no domingo, \u00e0s 13 horas.<\/p>\n","protected":false},"excerpt":{"rendered":"<p>Durante o fim de semana tem lugaro emocionante caminho de qualifica\u00e7\u00e3o para a fase de&#8230;<\/p>\n","protected":false},"author":1,"featured_media":8594,"comment_status":"closed","ping_status":"open","sticky":false,"template":"","format":"standard","meta":{"footnotes":""},"categories":[15],"tags":[55,20,79,472,467],"class_list":["post-8593","post","type-post","status-publish","format-standard","has-post-thumbnail","hentry","category-noticias","tag-fc-porto","tag-hoquei-em-patins","tag-oliveirense","tag-sc-tomar","tag-valongo"],"yoast_head":"<!-- This site is optimized with the Yoast SEO plugin v27.4 - https:\/\/yoast.com\/product\/yoast-seo-wordpress\/ -->\n<title>Liga dos Campe\u00f5es: Equipas Portuguesas Fortes na Qualifica\u00e7\u00e3o para a Fase de Grupos | Canal Balne\u00e1rio<\/title>\n<meta name=\"description\" content=\"Em confrontos intensos na qualifica\u00e7\u00e3o para a Liga dos Campe\u00f5es, as equipas portuguesas demonstraram garra e determina\u00e7\u00e3o. Saiba mais sobre os emocionantes jogos!\" \/>\n<meta name=\"robots\" content=\"index, follow, max-snippet:-1, max-image-preview:large, max-video-preview:-1\" \/>\n<link rel=\"canonical\" href=\"https:\/\/canalbalneario.pt\/v2\/2023\/11\/04\/liga-dos-campeoes-equipas-portuguesas-fortes-na-qualificacao-para-a-fase-de-grupos\/\" \/>\n<meta property=\"og:locale\" content=\"pt_PT\" \/>\n<meta property=\"og:type\" content=\"article\" \/>\n<meta property=\"og:title\" content=\"Liga dos Campe\u00f5es: Equipas Portuguesas Fortes na Qualifica\u00e7\u00e3o para a Fase de Grupos | Canal Balne\u00e1rio\" \/>\n<meta property=\"og:description\" content=\"Em confrontos intensos na qualifica\u00e7\u00e3o para a Liga dos Campe\u00f5es, as equipas portuguesas demonstraram garra e determina\u00e7\u00e3o. Saiba mais sobre os emocionantes jogos!\" \/>\n<meta property=\"og:url\" content=\"https:\/\/canalbalneario.pt\/v2\/2023\/11\/04\/liga-dos-campeoes-equipas-portuguesas-fortes-na-qualificacao-para-a-fase-de-grupos\/\" \/>\n<meta property=\"og:site_name\" content=\"Canal Balne\u00e1rio\" \/>\n<meta property=\"article:publisher\" content=\"http:\/\/www.facebook.com\/canalbalneario\" \/>\n<meta property=\"article:published_time\" content=\"2023-11-04T12:52:13+00:00\" \/>\n<meta property=\"article:modified_time\" content=\"2023-11-04T12:52:24+00:00\" \/>\n<meta property=\"og:image\" content=\"https:\/\/canalbalneario.pt\/v2\/wp-content\/uploads\/2023\/11\/oliveirense.jpg\" \/>\n\t<meta property=\"og:image:width\" content=\"1200\" \/>\n\t<meta property=\"og:image:height\" content=\"802\" \/>\n\t<meta property=\"og:image:type\" content=\"image\/jpeg\" \/>\n<meta name=\"author\" content=\"S\u00e9rgio Martins\" \/>\n<meta name=\"twitter:card\" content=\"summary_large_image\" \/>\n<meta name=\"twitter:creator\" content=\"@canalbalneario\" \/>\n<meta name=\"twitter:site\" content=\"@canalbalneario\" \/>\n<meta name=\"twitter:label1\" content=\"Escrito por\" \/>\n\t<meta name=\"twitter:data1\" content=\"S\u00e9rgio Martins\" \/>\n\t<meta name=\"twitter:label2\" content=\"Tempo estimado de leitura\" \/>\n\t<meta name=\"twitter:data2\" content=\"3 minutos\" \/>\n<script type=\"application\/ld+json\" class=\"yoast-schema-graph\">{\"@context\":\"https:\\\/\\\/schema.org\",\"@graph\":[{\"@type\":\"Article\",\"@id\":\"https:\\\/\\\/canalbalneario.pt\\\/v2\\\/2023\\\/11\\\/04\\\/liga-dos-campeoes-equipas-portuguesas-fortes-na-qualificacao-para-a-fase-de-grupos\\\/#article\",\"isPartOf\":{\"@id\":\"https:\\\/\\\/canalbalneario.pt\\\/v2\\\/2023\\\/11\\\/04\\\/liga-dos-campeoes-equipas-portuguesas-fortes-na-qualificacao-para-a-fase-de-grupos\\\/\"},\"author\":{\"name\":\"S\u00e9rgio Martins\",\"@id\":\"https:\\\/\\\/canalbalneario.pt\\\/v2\\\/#\\\/schema\\\/person\\\/2662673acb2fcf37cf3f4a302db9457f\"},\"headline\":\"Liga dos Campe\u00f5es: Equipas Portuguesas Fortes na Qualifica\u00e7\u00e3o para a Fase de Grupos\",\"datePublished\":\"2023-11-04T12:52:13+00:00\",\"dateModified\":\"2023-11-04T12:52:24+00:00\",\"mainEntityOfPage\":{\"@id\":\"https:\\\/\\\/canalbalneario.pt\\\/v2\\\/2023\\\/11\\\/04\\\/liga-dos-campeoes-equipas-portuguesas-fortes-na-qualificacao-para-a-fase-de-grupos\\\/\"},\"wordCount\":514,\"publisher\":{\"@id\":\"https:\\\/\\\/canalbalneario.pt\\\/v2\\\/#organization\"},\"image\":{\"@id\":\"https:\\\/\\\/canalbalneario.pt\\\/v2\\\/2023\\\/11\\\/04\\\/liga-dos-campeoes-equipas-portuguesas-fortes-na-qualificacao-para-a-fase-de-grupos\\\/#primaryimage\"},\"thumbnailUrl\":\"https:\\\/\\\/canalbalneario.pt\\\/v2\\\/wp-content\\\/uploads\\\/2023\\\/11\\\/oliveirense.jpg\",\"keywords\":[\"fc porto\",\"H\u00f3quei em Patins\",\"oliveirense\",\"SC Tomar\",\"valongo\"],\"articleSection\":[\"Not\u00edcias\"],\"inLanguage\":\"pt-PT\"},{\"@type\":\"WebPage\",\"@id\":\"https:\\\/\\\/canalbalneario.pt\\\/v2\\\/2023\\\/11\\\/04\\\/liga-dos-campeoes-equipas-portuguesas-fortes-na-qualificacao-para-a-fase-de-grupos\\\/\",\"url\":\"https:\\\/\\\/canalbalneario.pt\\\/v2\\\/2023\\\/11\\\/04\\\/liga-dos-campeoes-equipas-portuguesas-fortes-na-qualificacao-para-a-fase-de-grupos\\\/\",\"name\":\"Liga dos Campe\u00f5es: Equipas Portuguesas Fortes na Qualifica\u00e7\u00e3o para a Fase de Grupos | Canal Balne\u00e1rio\",\"isPartOf\":{\"@id\":\"https:\\\/\\\/canalbalneario.pt\\\/v2\\\/#website\"},\"primaryImageOfPage\":{\"@id\":\"https:\\\/\\\/canalbalneario.pt\\\/v2\\\/2023\\\/11\\\/04\\\/liga-dos-campeoes-equipas-portuguesas-fortes-na-qualificacao-para-a-fase-de-grupos\\\/#primaryimage\"},\"image\":{\"@id\":\"https:\\\/\\\/canalbalneario.pt\\\/v2\\\/2023\\\/11\\\/04\\\/liga-dos-campeoes-equipas-portuguesas-fortes-na-qualificacao-para-a-fase-de-grupos\\\/#primaryimage\"},\"thumbnailUrl\":\"https:\\\/\\\/canalbalneario.pt\\\/v2\\\/wp-content\\\/uploads\\\/2023\\\/11\\\/oliveirense.jpg\",\"datePublished\":\"2023-11-04T12:52:13+00:00\",\"dateModified\":\"2023-11-04T12:52:24+00:00\",\"description\":\"Em confrontos intensos na qualifica\u00e7\u00e3o para a Liga dos Campe\u00f5es, as equipas portuguesas demonstraram garra e determina\u00e7\u00e3o. Saiba mais sobre os emocionantes jogos!\",\"breadcrumb\":{\"@id\":\"https:\\\/\\\/canalbalneario.pt\\\/v2\\\/2023\\\/11\\\/04\\\/liga-dos-campeoes-equipas-portuguesas-fortes-na-qualificacao-para-a-fase-de-grupos\\\/#breadcrumb\"},\"inLanguage\":\"pt-PT\",\"potentialAction\":[{\"@type\":\"ReadAction\",\"target\":[\"https:\\\/\\\/canalbalneario.pt\\\/v2\\\/2023\\\/11\\\/04\\\/liga-dos-campeoes-equipas-portuguesas-fortes-na-qualificacao-para-a-fase-de-grupos\\\/\"]}]},{\"@type\":\"ImageObject\",\"inLanguage\":\"pt-PT\",\"@id\":\"https:\\\/\\\/canalbalneario.pt\\\/v2\\\/2023\\\/11\\\/04\\\/liga-dos-campeoes-equipas-portuguesas-fortes-na-qualificacao-para-a-fase-de-grupos\\\/#primaryimage\",\"url\":\"https:\\\/\\\/canalbalneario.pt\\\/v2\\\/wp-content\\\/uploads\\\/2023\\\/11\\\/oliveirense.jpg\",\"contentUrl\":\"https:\\\/\\\/canalbalneario.pt\\\/v2\\\/wp-content\\\/uploads\\\/2023\\\/11\\\/oliveirense.jpg\",\"width\":1200,\"height\":802},{\"@type\":\"BreadcrumbList\",\"@id\":\"https:\\\/\\\/canalbalneario.pt\\\/v2\\\/2023\\\/11\\\/04\\\/liga-dos-campeoes-equipas-portuguesas-fortes-na-qualificacao-para-a-fase-de-grupos\\\/#breadcrumb\",\"itemListElement\":[{\"@type\":\"ListItem\",\"position\":1,\"name\":\"In\u00edcio\",\"item\":\"https:\\\/\\\/canalbalneario.pt\\\/v2\\\/\"},{\"@type\":\"ListItem\",\"position\":2,\"name\":\"Liga dos Campe\u00f5es: Equipas Portuguesas Fortes na Qualifica\u00e7\u00e3o para a Fase de Grupos\"}]},{\"@type\":\"WebSite\",\"@id\":\"https:\\\/\\\/canalbalneario.pt\\\/v2\\\/#website\",\"url\":\"https:\\\/\\\/canalbalneario.pt\\\/v2\\\/\",\"name\":\"Canal Balne\u00e1rio\",\"description\":\"Hist\u00f3rias do desporto na primeira pessoa, do futebol ao berlinde, do nacional ao distrital\",\"publisher\":{\"@id\":\"https:\\\/\\\/canalbalneario.pt\\\/v2\\\/#organization\"},\"potentialAction\":[{\"@type\":\"SearchAction\",\"target\":{\"@type\":\"EntryPoint\",\"urlTemplate\":\"https:\\\/\\\/canalbalneario.pt\\\/v2\\\/?s={search_term_string}\"},\"query-input\":{\"@type\":\"PropertyValueSpecification\",\"valueRequired\":true,\"valueName\":\"search_term_string\"}}],\"inLanguage\":\"pt-PT\"},{\"@type\":\"Organization\",\"@id\":\"https:\\\/\\\/canalbalneario.pt\\\/v2\\\/#organization\",\"name\":\"Balne\u00e1rio\",\"url\":\"https:\\\/\\\/canalbalneario.pt\\\/v2\\\/\",\"logo\":{\"@type\":\"ImageObject\",\"inLanguage\":\"pt-PT\",\"@id\":\"https:\\\/\\\/canalbalneario.pt\\\/v2\\\/#\\\/schema\\\/logo\\\/image\\\/\",\"url\":\"https:\\\/\\\/canalbalneario.pt\\\/v2\\\/wp-content\\\/uploads\\\/2024\\\/01\\\/cropped-perfil-2.png\",\"contentUrl\":\"https:\\\/\\\/canalbalneario.pt\\\/v2\\\/wp-content\\\/uploads\\\/2024\\\/01\\\/cropped-perfil-2.png\",\"width\":512,\"height\":512,\"caption\":\"Balne\u00e1rio\"},\"image\":{\"@id\":\"https:\\\/\\\/canalbalneario.pt\\\/v2\\\/#\\\/schema\\\/logo\\\/image\\\/\"},\"sameAs\":[\"http:\\\/\\\/www.facebook.com\\\/canalbalneario\",\"https:\\\/\\\/x.com\\\/canalbalneario\",\"http:\\\/\\\/www.instagram.com\\\/canalbalneario\",\"http:\\\/\\\/www.youtube.com\\\/balneariocanal\"]},{\"@type\":\"Person\",\"@id\":\"https:\\\/\\\/canalbalneario.pt\\\/v2\\\/#\\\/schema\\\/person\\\/2662673acb2fcf37cf3f4a302db9457f\",\"name\":\"S\u00e9rgio Martins\",\"image\":{\"@type\":\"ImageObject\",\"inLanguage\":\"pt-PT\",\"@id\":\"https:\\\/\\\/canalbalneario.pt\\\/v2\\\/wp-content\\\/uploads\\\/2024\\\/01\\\/headshot-perfil-balneario-2024-1-96x96.png\",\"url\":\"https:\\\/\\\/canalbalneario.pt\\\/v2\\\/wp-content\\\/uploads\\\/2024\\\/01\\\/headshot-perfil-balneario-2024-1-96x96.png\",\"contentUrl\":\"https:\\\/\\\/canalbalneario.pt\\\/v2\\\/wp-content\\\/uploads\\\/2024\\\/01\\\/headshot-perfil-balneario-2024-1-96x96.png\",\"caption\":\"S\u00e9rgio Martins\"},\"description\":\"Natural de Nogueira do Cravo, Oliveira de Azem\u00e9is, sou um inquieto que trabalha e ensina multim\u00e9dia, sobretudo a parte de v\u00eddeo e imagem. Tenho tamb\u00e9m compet\u00eancias no que toca a hardware, software, redes e programa\u00e7\u00e3o web. A experi\u00eancia acumulada ao longo do tempo conferiu-me essa polival\u00eancia.\",\"sameAs\":[\"http:\\\/\\\/www.sergiomartins.pt\"],\"url\":\"https:\\\/\\\/canalbalneario.pt\\\/v2\\\/author\\\/gaizka\\\/\"}]}<\/script>\n<!-- \/ Yoast SEO plugin. -->","yoast_head_json":{"title":"Liga dos Campe\u00f5es: Equipas Portuguesas Fortes na Qualifica\u00e7\u00e3o para a Fase de Grupos | Canal Balne\u00e1rio","description":"Em confrontos intensos na qualifica\u00e7\u00e3o para a Liga dos Campe\u00f5es, as equipas portuguesas demonstraram garra e determina\u00e7\u00e3o. Saiba mais sobre os emocionantes jogos!","robots":{"index":"index","follow":"follow","max-snippet":"max-snippet:-1","max-image-preview":"max-image-preview:large","max-video-preview":"max-video-preview:-1"},"canonical":"https:\/\/canalbalneario.pt\/v2\/2023\/11\/04\/liga-dos-campeoes-equipas-portuguesas-fortes-na-qualificacao-para-a-fase-de-grupos\/","og_locale":"pt_PT","og_type":"article","og_title":"Liga dos Campe\u00f5es: Equipas Portuguesas Fortes na Qualifica\u00e7\u00e3o para a Fase de Grupos | Canal Balne\u00e1rio","og_description":"Em confrontos intensos na qualifica\u00e7\u00e3o para a Liga dos Campe\u00f5es, as equipas portuguesas demonstraram garra e determina\u00e7\u00e3o. Saiba mais sobre os emocionantes jogos!","og_url":"https:\/\/canalbalneario.pt\/v2\/2023\/11\/04\/liga-dos-campeoes-equipas-portuguesas-fortes-na-qualificacao-para-a-fase-de-grupos\/","og_site_name":"Canal Balne\u00e1rio","article_publisher":"http:\/\/www.facebook.com\/canalbalneario","article_published_time":"2023-11-04T12:52:13+00:00","article_modified_time":"2023-11-04T12:52:24+00:00","og_image":[{"width":1200,"height":802,"url":"https:\/\/canalbalneario.pt\/v2\/wp-content\/uploads\/2023\/11\/oliveirense.jpg","type":"image\/jpeg"}],"author":"S\u00e9rgio Martins","twitter_card":"summary_large_image","twitter_creator":"@canalbalneario","twitter_site":"@canalbalneario","twitter_misc":{"Escrito por":"S\u00e9rgio Martins","Tempo estimado de leitura":"3 minutos"},"schema":{"@context":"https:\/\/schema.org","@graph":[{"@type":"Article","@id":"https:\/\/canalbalneario.pt\/v2\/2023\/11\/04\/liga-dos-campeoes-equipas-portuguesas-fortes-na-qualificacao-para-a-fase-de-grupos\/#article","isPartOf":{"@id":"https:\/\/canalbalneario.pt\/v2\/2023\/11\/04\/liga-dos-campeoes-equipas-portuguesas-fortes-na-qualificacao-para-a-fase-de-grupos\/"},"author":{"name":"S\u00e9rgio Martins","@id":"https:\/\/canalbalneario.pt\/v2\/#\/schema\/person\/2662673acb2fcf37cf3f4a302db9457f"},"headline":"Liga dos Campe\u00f5es: Equipas Portuguesas Fortes na Qualifica\u00e7\u00e3o para a Fase de Grupos","datePublished":"2023-11-04T12:52:13+00:00","dateModified":"2023-11-04T12:52:24+00:00","mainEntityOfPage":{"@id":"https:\/\/canalbalneario.pt\/v2\/2023\/11\/04\/liga-dos-campeoes-equipas-portuguesas-fortes-na-qualificacao-para-a-fase-de-grupos\/"},"wordCount":514,"publisher":{"@id":"https:\/\/canalbalneario.pt\/v2\/#organization"},"image":{"@id":"https:\/\/canalbalneario.pt\/v2\/2023\/11\/04\/liga-dos-campeoes-equipas-portuguesas-fortes-na-qualificacao-para-a-fase-de-grupos\/#primaryimage"},"thumbnailUrl":"https:\/\/canalbalneario.pt\/v2\/wp-content\/uploads\/2023\/11\/oliveirense.jpg","keywords":["fc porto","H\u00f3quei em Patins","oliveirense","SC Tomar","valongo"],"articleSection":["Not\u00edcias"],"inLanguage":"pt-PT"},{"@type":"WebPage","@id":"https:\/\/canalbalneario.pt\/v2\/2023\/11\/04\/liga-dos-campeoes-equipas-portuguesas-fortes-na-qualificacao-para-a-fase-de-grupos\/","url":"https:\/\/canalbalneario.pt\/v2\/2023\/11\/04\/liga-dos-campeoes-equipas-portuguesas-fortes-na-qualificacao-para-a-fase-de-grupos\/","name":"Liga dos Campe\u00f5es: Equipas Portuguesas Fortes na Qualifica\u00e7\u00e3o para a Fase de Grupos | Canal Balne\u00e1rio","isPartOf":{"@id":"https:\/\/canalbalneario.pt\/v2\/#website"},"primaryImageOfPage":{"@id":"https:\/\/canalbalneario.pt\/v2\/2023\/11\/04\/liga-dos-campeoes-equipas-portuguesas-fortes-na-qualificacao-para-a-fase-de-grupos\/#primaryimage"},"image":{"@id":"https:\/\/canalbalneario.pt\/v2\/2023\/11\/04\/liga-dos-campeoes-equipas-portuguesas-fortes-na-qualificacao-para-a-fase-de-grupos\/#primaryimage"},"thumbnailUrl":"https:\/\/canalbalneario.pt\/v2\/wp-content\/uploads\/2023\/11\/oliveirense.jpg","datePublished":"2023-11-04T12:52:13+00:00","dateModified":"2023-11-04T12:52:24+00:00","description":"Em confrontos intensos na qualifica\u00e7\u00e3o para a Liga dos Campe\u00f5es, as equipas portuguesas demonstraram garra e determina\u00e7\u00e3o. Saiba mais sobre os emocionantes jogos!","breadcrumb":{"@id":"https:\/\/canalbalneario.pt\/v2\/2023\/11\/04\/liga-dos-campeoes-equipas-portuguesas-fortes-na-qualificacao-para-a-fase-de-grupos\/#breadcrumb"},"inLanguage":"pt-PT","potentialAction":[{"@type":"ReadAction","target":["https:\/\/canalbalneario.pt\/v2\/2023\/11\/04\/liga-dos-campeoes-equipas-portuguesas-fortes-na-qualificacao-para-a-fase-de-grupos\/"]}]},{"@type":"ImageObject","inLanguage":"pt-PT","@id":"https:\/\/canalbalneario.pt\/v2\/2023\/11\/04\/liga-dos-campeoes-equipas-portuguesas-fortes-na-qualificacao-para-a-fase-de-grupos\/#primaryimage","url":"https:\/\/canalbalneario.pt\/v2\/wp-content\/uploads\/2023\/11\/oliveirense.jpg","contentUrl":"https:\/\/canalbalneario.pt\/v2\/wp-content\/uploads\/2023\/11\/oliveirense.jpg","width":1200,"height":802},{"@type":"BreadcrumbList","@id":"https:\/\/canalbalneario.pt\/v2\/2023\/11\/04\/liga-dos-campeoes-equipas-portuguesas-fortes-na-qualificacao-para-a-fase-de-grupos\/#breadcrumb","itemListElement":[{"@type":"ListItem","position":1,"name":"In\u00edcio","item":"https:\/\/canalbalneario.pt\/v2\/"},{"@type":"ListItem","position":2,"name":"Liga dos Campe\u00f5es: Equipas Portuguesas Fortes na Qualifica\u00e7\u00e3o para a Fase de Grupos"}]},{"@type":"WebSite","@id":"https:\/\/canalbalneario.pt\/v2\/#website","url":"https:\/\/canalbalneario.pt\/v2\/","name":"Canal Balne\u00e1rio","description":"Hist\u00f3rias do desporto na primeira pessoa, do futebol ao berlinde, do nacional ao distrital","publisher":{"@id":"https:\/\/canalbalneario.pt\/v2\/#organization"},"potentialAction":[{"@type":"SearchAction","target":{"@type":"EntryPoint","urlTemplate":"https:\/\/canalbalneario.pt\/v2\/?s={search_term_string}"},"query-input":{"@type":"PropertyValueSpecification","valueRequired":true,"valueName":"search_term_string"}}],"inLanguage":"pt-PT"},{"@type":"Organization","@id":"https:\/\/canalbalneario.pt\/v2\/#organization","name":"Balne\u00e1rio","url":"https:\/\/canalbalneario.pt\/v2\/","logo":{"@type":"ImageObject","inLanguage":"pt-PT","@id":"https:\/\/canalbalneario.pt\/v2\/#\/schema\/logo\/image\/","url":"https:\/\/canalbalneario.pt\/v2\/wp-content\/uploads\/2024\/01\/cropped-perfil-2.png","contentUrl":"https:\/\/canalbalneario.pt\/v2\/wp-content\/uploads\/2024\/01\/cropped-perfil-2.png","width":512,"height":512,"caption":"Balne\u00e1rio"},"image":{"@id":"https:\/\/canalbalneario.pt\/v2\/#\/schema\/logo\/image\/"},"sameAs":["http:\/\/www.facebook.com\/canalbalneario","https:\/\/x.com\/canalbalneario","http:\/\/www.instagram.com\/canalbalneario","http:\/\/www.youtube.com\/balneariocanal"]},{"@type":"Person","@id":"https:\/\/canalbalneario.pt\/v2\/#\/schema\/person\/2662673acb2fcf37cf3f4a302db9457f","name":"S\u00e9rgio Martins","image":{"@type":"ImageObject","inLanguage":"pt-PT","@id":"https:\/\/canalbalneario.pt\/v2\/wp-content\/uploads\/2024\/01\/headshot-perfil-balneario-2024-1-96x96.png","url":"https:\/\/canalbalneario.pt\/v2\/wp-content\/uploads\/2024\/01\/headshot-perfil-balneario-2024-1-96x96.png","contentUrl":"https:\/\/canalbalneario.pt\/v2\/wp-content\/uploads\/2024\/01\/headshot-perfil-balneario-2024-1-96x96.png","caption":"S\u00e9rgio Martins"},"description":"Natural de Nogueira do Cravo, Oliveira de Azem\u00e9is, sou um inquieto que trabalha e ensina multim\u00e9dia, sobretudo a parte de v\u00eddeo e imagem. Tenho tamb\u00e9m compet\u00eancias no que toca a hardware, software, redes e programa\u00e7\u00e3o web. A experi\u00eancia acumulada ao longo do tempo conferiu-me essa polival\u00eancia.","sameAs":["http:\/\/www.sergiomartins.pt"],"url":"https:\/\/canalbalneario.pt\/v2\/author\/gaizka\/"}]}},"featured_image_urls":{"full":["https:\/\/canalbalneario.pt\/v2\/wp-content\/uploads\/2023\/11\/oliveirense.jpg",1200,802,false],"thumbnail":["https:\/\/canalbalneario.pt\/v2\/wp-content\/uploads\/2023\/11\/oliveirense-150x150.jpg",150,150,true],"medium":["https:\/\/canalbalneario.pt\/v2\/wp-content\/uploads\/2023\/11\/oliveirense-300x201.jpg",300,201,true],"medium_large":["https:\/\/canalbalneario.pt\/v2\/wp-content\/uploads\/2023\/11\/oliveirense-768x513.jpg",640,428,true],"large":["https:\/\/canalbalneario.pt\/v2\/wp-content\/uploads\/2023\/11\/oliveirense-1024x684.jpg",640,428,true],"1536x1536":["https:\/\/canalbalneario.pt\/v2\/wp-content\/uploads\/2023\/11\/oliveirense.jpg",1200,802,false],"2048x2048":["https:\/\/canalbalneario.pt\/v2\/wp-content\/uploads\/2023\/11\/oliveirense.jpg",1200,802,false],"joomsport-thmb-medium":["https:\/\/canalbalneario.pt\/v2\/wp-content\/uploads\/2023\/11\/oliveirense-310x207.jpg",310,207,true],"newsphere-slider-full":["https:\/\/canalbalneario.pt\/v2\/wp-content\/uploads\/2023\/11\/oliveirense-1200x720.jpg",1200,720,true],"newsphere-featured":["https:\/\/canalbalneario.pt\/v2\/wp-content\/uploads\/2023\/11\/oliveirense-1024x684.jpg",1024,684,true],"newsphere-medium":["https:\/\/canalbalneario.pt\/v2\/wp-content\/uploads\/2023\/11\/oliveirense-720x380.jpg",720,380,true],"profile_24":["https:\/\/canalbalneario.pt\/v2\/wp-content\/uploads\/2023\/11\/oliveirense-24x24.jpg",24,24,true],"profile_48":["https:\/\/canalbalneario.pt\/v2\/wp-content\/uploads\/2023\/11\/oliveirense-48x48.jpg",48,48,true],"profile_96":["https:\/\/canalbalneario.pt\/v2\/wp-content\/uploads\/2023\/11\/oliveirense-96x96.jpg",96,96,true],"profile_150":["https:\/\/canalbalneario.pt\/v2\/wp-content\/uploads\/2023\/11\/oliveirense-150x150.jpg",150,150,true],"profile_300":["https:\/\/canalbalneario.pt\/v2\/wp-content\/uploads\/2023\/11\/oliveirense-300x300.jpg",300,300,true],"tptn_thumbnail":["https:\/\/canalbalneario.pt\/v2\/wp-content\/uploads\/2023\/11\/oliveirense-250x250.jpg",250,250,true]},"author_info":{"display_name":"S\u00e9rgio Martins","author_link":"https:\/\/canalbalneario.pt\/v2\/author\/gaizka\/"},"category_info":"<a href=\"https:\/\/canalbalneario.pt\/v2\/category\/noticias\/\" rel=\"category tag\">Not\u00edcias<\/a>","tag_info":"Not\u00edcias","comment_count":"0","_links":{"self":[{"href":"https:\/\/canalbalneario.pt\/v2\/wp-json\/wp\/v2\/posts\/8593","targetHints":{"allow":["GET"]}}],"collection":[{"href":"https:\/\/canalbalneario.pt\/v2\/wp-json\/wp\/v2\/posts"}],"about":[{"href":"https:\/\/canalbalneario.pt\/v2\/wp-json\/wp\/v2\/types\/post"}],"author":[{"embeddable":true,"href":"https:\/\/canalbalneario.pt\/v2\/wp-json\/wp\/v2\/users\/1"}],"replies":[{"embeddable":true,"href":"https:\/\/canalbalneario.pt\/v2\/wp-json\/wp\/v2\/comments?post=8593"}],"version-history":[{"count":0,"href":"https:\/\/canalbalneario.pt\/v2\/wp-json\/wp\/v2\/posts\/8593\/revisions"}],"wp:featuredmedia":[{"embeddable":true,"href":"https:\/\/canalbalneario.pt\/v2\/wp-json\/wp\/v2\/media\/8594"}],"wp:attachment":[{"href":"https:\/\/canalbalneario.pt\/v2\/wp-json\/wp\/v2\/media?parent=8593"}],"wp:term":[{"taxonomy":"category","embeddable":true,"href":"https:\/\/canalbalneario.pt\/v2\/wp-json\/wp\/v2\/categories?post=8593"},{"taxonomy":"post_tag","embeddable":true,"href":"https:\/\/canalbalneario.pt\/v2\/wp-json\/wp\/v2\/tags?post=8593"}],"curies":[{"name":"wp","href":"https:\/\/api.w.org\/{rel}","templated":true}]}}